{"id":21517,"date":"2019-04-08T10:44:04","date_gmt":"2019-04-08T08:44:04","guid":{"rendered":"http:\/\/192.168.20.3\/?p=21517"},"modified":"2024-12-12T10:32:05","modified_gmt":"2024-12-12T09:32:05","slug":"sap-business-one-ejemplo-de-gestion-de-proyecto","status":"publish","type":"post","link":"https:\/\/orekait.com\/es\/sap-business-one-ejemplo-de-gestion-de-proyecto\/","title":{"rendered":"Demo SAP Business One<br><span class=\"font-300\">gesti\u00f3n de proyectos<\/span>"},"content":{"rendered":"<p>[et_pb_section fb_built=&#8221;1&#8243; admin_label=&#8221;section&#8221; _builder_version=&#8221;4.25.2&#8243; global_colors_info=&#8221;{}&#8221;][et_pb_row admin_label=&#8221;Imagen principal&#8221; _builder_version=&#8221;4.25.2&#8243; background_size=&#8221;initial&#8221; background_position=&#8221;top_left&#8221; background_repeat=&#8221;repeat&#8221; global_colors_info=&#8221;{}&#8221;][et_pb_column type=&#8221;4_4&#8243; _builder_version=&#8221;4.16&#8243; custom_padding=&#8221;|||&#8221; global_colors_info=&#8221;{}&#8221; custom_padding__hover=&#8221;|||&#8221;][et_pb_image src=&#8221;https:\/\/orekait.com\/wp-content\/uploads\/2019\/04\/SAP-Business-One-ejemplo-de-gestion-de-proyectos.png&#8221; alt=&#8221;cloud-public&#8221; title_text=&#8221;SAP-Business-One-ejemplo-de-gesti\u00f3n-de-proyectos&#8221; admin_label=&#8221;Imagen principal&#8221; module_class=&#8221;post-img&#8221; _builder_version=&#8221;4.25.2&#8243; _module_preset=&#8221;default&#8221; global_colors_info=&#8221;{}&#8221;][\/et_pb_image][\/et_pb_column][\/et_pb_row][et_pb_row admin_label=&#8221;Cuerpo&#8221; _builder_version=&#8221;4.25.2&#8243; _module_preset=&#8221;default&#8221; global_colors_info=&#8221;{}&#8221;][et_pb_column type=&#8221;4_4&#8243; _builder_version=&#8221;4.25.2&#8243; _module_preset=&#8221;default&#8221; global_colors_info=&#8221;{}&#8221;][et_pb_text content_last_edited=&#8221;off|desktop&#8221; admin_label=&#8221;Texto&#8221; _builder_version=&#8221;4.25.2&#8243; header_2_font_size=&#8221;24px&#8221; header_3_font_size=&#8221;20px&#8221; header_4_font_size=&#8221;17px&#8221; background_size=&#8221;initial&#8221; background_position=&#8221;top_left&#8221; background_repeat=&#8221;repeat&#8221; width=&#8221;%22671%22&#8243; height=&#8221;%22251%22&#8243; global_colors_info=&#8221;{}&#8221; content__hover_enabled=&#8221;off|hover&#8221;]<\/p>\n<p><strong>SAP Business One<\/strong>\u00a0cuenta con un\u00a0<strong>m\u00f3dulo de gesti\u00f3n de proyectos<\/strong>\u00a0con la funcionalidad adecuada para dirigir y gestionar cualquier proyecto de forma eficaz, desde la planificaci\u00f3n inicial hasta la entrega final.<\/p>\n<p>Adem\u00e1s, al igual que en otros m\u00f3dulos del sistema, el m\u00f3dulo de gesti\u00f3n de proyectos es transversal con las otras \u00e1reas funcionales del ERP.<\/p>\n<p>En este art\u00edculo vamos a dar unas nociones b\u00e1sicas de las capacidades de este m\u00f3dulo. Para darle m\u00e1s alcance al ejemplo, vamos a incluir transacciones de venta y de facturaci\u00f3n.<\/p>\n<p>Este ejemplo se ha realizado con<strong>\u00a0SAP Business One 9.3<\/strong>\u00a0sobre SQL. En la versi\u00f3n SAP B1 on HANA, se realizar\u00eda de la misma manera.<\/p>\n<p>En concreto, vamos a mostrar el proceso completo desde que se oferta una impresora a un cliente, se acepta el presupuesto, se entrega y se factura. Luego veremos c\u00f3mo creamos una proyecto de instalaci\u00f3n de impresora donde imputar horas de la instalaci\u00f3n y facturar esas horas a cliente mediante el asistente de facturas del m\u00f3dulo de proyectos.<\/p>\n<p>Vayamos paso por paso.<\/p>\n<ol>\n<li><strong>Oferta de ventas<\/strong>\u00a0para una impresora B1000<\/li>\n<\/ol>\n<p><img loading=\"lazy\" decoding=\"async\" class=\"aligncenter wp-image-21568 size-full\" src=\"https:\/\/orekait.com\/wp-content\/uploads\/2019\/04\/Oferta-de-ventas.jpg\" alt=\"\" width=\"442\" height=\"425\" srcset=\"https:\/\/orekait.com\/wp-content\/uploads\/2019\/04\/Oferta-de-ventas.jpg 442w, https:\/\/orekait.com\/wp-content\/uploads\/2019\/04\/Oferta-de-ventas-300x288.jpg 300w\" sizes=\"auto, (max-width: 442px) 100vw, 442px\" \/><\/p>\n<ol start=\"2\">\n<li>El cliente nos acepta inmediatamente la oferta. Podemos generar\u00a0<strong>albar\u00e1n de entrega<\/strong>\u00a0y\u00a0<strong>factura<\/strong>\u00a0directamente desde la oferta:<\/li>\n<\/ol>\n<p><img loading=\"lazy\" decoding=\"async\" class=\"aligncenter wp-image-21575 size-full\" src=\"https:\/\/orekait.com\/wp-content\/uploads\/2019\/04\/Oferta-de-ventas-2.jpg\" alt=\"\" width=\"467\" height=\"353\" srcset=\"https:\/\/orekait.com\/wp-content\/uploads\/2019\/04\/Oferta-de-ventas-2.jpg 467w, https:\/\/orekait.com\/wp-content\/uploads\/2019\/04\/Oferta-de-ventas-2-300x227.jpg 300w\" sizes=\"auto, (max-width: 467px) 100vw, 467px\" \/><\/p>\n<p>En el momento de la salida de la impresora del almac\u00e9n, con el albar\u00e1n de entrega,\u00a0<strong>asignamos un n\u00famero de lote<\/strong>\u00a0(en este ejemplo este art\u00edculo se gestiona por lotes, pero tambi\u00e9n podr\u00edamos hacerlo por n\u00famero de serie o gestionarlo de forma manual). La asignaci\u00f3n de lote se puede hacer de forma manual o autom\u00e1tica:<\/p>\n<p><img loading=\"lazy\" decoding=\"async\" class=\"aligncenter wp-image-21580 size-full\" src=\"https:\/\/orekait.com\/wp-content\/uploads\/2019\/04\/Oferta-de-ventas-3.jpg\" alt=\"\" width=\"369\" height=\"281\" srcset=\"https:\/\/orekait.com\/wp-content\/uploads\/2019\/04\/Oferta-de-ventas-3.jpg 369w, https:\/\/orekait.com\/wp-content\/uploads\/2019\/04\/Oferta-de-ventas-3-300x228.jpg 300w\" sizes=\"auto, (max-width: 369px) 100vw, 369px\" \/><\/p>\n<p>Una asignado el n\u00famero de lote, generamos la factura desde el albar\u00e1n en un solo click:<\/p>\n<p><img loading=\"lazy\" decoding=\"async\" class=\"aligncenter wp-image-21585 size-full\" src=\"https:\/\/orekait.com\/wp-content\/uploads\/2019\/04\/Oferta-de-ventas-4.jpg\" alt=\"\" width=\"577\" height=\"440\" srcset=\"https:\/\/orekait.com\/wp-content\/uploads\/2019\/04\/Oferta-de-ventas-4.jpg 577w, https:\/\/orekait.com\/wp-content\/uploads\/2019\/04\/Oferta-de-ventas-4-480x366.jpg 480w\" sizes=\"auto, (min-width: 0px) and (max-width: 480px) 480px, (min-width: 481px) 577px, 100vw\" \/><\/p>\n<p>Por supuesto, todos estos documentos se pueden exportar directamente a PDF, Excel o Word y se pueden enviar directamente por email:<\/p>\n<p><img loading=\"lazy\" decoding=\"async\" class=\"aligncenter wp-image-21589 size-full\" src=\"https:\/\/orekait.com\/wp-content\/uploads\/2019\/04\/ofreta.png\" alt=\"\" width=\"420\" height=\"69\" srcset=\"https:\/\/orekait.com\/wp-content\/uploads\/2019\/04\/ofreta.png 420w, https:\/\/orekait.com\/wp-content\/uploads\/2019\/04\/ofreta-300x49.png 300w\" sizes=\"auto, (max-width: 420px) 100vw, 420px\" \/><\/p>\n<p>El sistema incluso cuanta con un mapa de relaciones para el seguimiento de los documentos:<\/p>\n<p><img loading=\"lazy\" decoding=\"async\" class=\"aligncenter wp-image-21593 size-full\" src=\"https:\/\/orekait.com\/wp-content\/uploads\/2019\/04\/Oferta-de-ventas-5.jpg\" alt=\"\" width=\"648\" height=\"215\" srcset=\"https:\/\/orekait.com\/wp-content\/uploads\/2019\/04\/Oferta-de-ventas-5.jpg 648w, https:\/\/orekait.com\/wp-content\/uploads\/2019\/04\/Oferta-de-ventas-5-480x159.jpg 480w\" sizes=\"auto, (min-width: 0px) and (max-width: 480px) 480px, (min-width: 481px) 648px, 100vw\" \/><\/p>\n<p>En nuestro caso, la factura tiene el candado abierto porque todav\u00eda no est\u00e1 pagada. A\u00f1adimos que, entre otras funciones, desde la factura podemos crear un abono o una devoluci\u00f3n.<\/p>\n<p><strong><u>Tras este pre\u00e1mbulo nos metemos con la gesti\u00f3n de proyectos en s\u00ed<\/u>:<\/strong><\/p>\n<ol>\n<li>Creamos un proyecto asociado al cliente al que hemos vendido la impresora, en el que vamos a considerar 2 etapas: instalaci\u00f3n de impresora e instalaci\u00f3n de software de la impresora.<\/li>\n<\/ol>\n<p><img loading=\"lazy\" decoding=\"async\" class=\"aligncenter wp-image-21597 size-full\" src=\"https:\/\/orekait.com\/wp-content\/uploads\/2019\/04\/Oferta-de-ventas-6.jpg\" alt=\"\" width=\"887\" height=\"338\" srcset=\"https:\/\/orekait.com\/wp-content\/uploads\/2019\/04\/Oferta-de-ventas-6.jpg 887w, https:\/\/orekait.com\/wp-content\/uploads\/2019\/04\/Oferta-de-ventas-6-480x183.jpg 480w\" sizes=\"auto, (min-width: 0px) and (max-width: 480px) 480px, (min-width: 481px) 887px, 100vw\" \/><\/p>\n<p><img loading=\"lazy\" decoding=\"async\" class=\"aligncenter wp-image-21605 size-full\" src=\"https:\/\/orekait.com\/wp-content\/uploads\/2019\/04\/Oferta-de-ventas-7.jpg\" alt=\"\" width=\"888\" height=\"238\" srcset=\"https:\/\/orekait.com\/wp-content\/uploads\/2019\/04\/Oferta-de-ventas-7.jpg 888w, https:\/\/orekait.com\/wp-content\/uploads\/2019\/04\/Oferta-de-ventas-7-480x129.jpg 480w\" sizes=\"auto, (min-width: 0px) and (max-width: 480px) 480px, (min-width: 481px) 888px, 100vw\" \/><\/p>\n<p><img loading=\"lazy\" decoding=\"async\" class=\"aligncenter wp-image-21610 size-full\" src=\"https:\/\/orekait.com\/wp-content\/uploads\/2019\/04\/Oferta-de-ventas-8.jpg\" alt=\"\" width=\"764\" height=\"342\" srcset=\"https:\/\/orekait.com\/wp-content\/uploads\/2019\/04\/Oferta-de-ventas-8.jpg 764w, https:\/\/orekait.com\/wp-content\/uploads\/2019\/04\/Oferta-de-ventas-8-480x215.jpg 480w\" sizes=\"auto, (min-width: 0px) and (max-width: 480px) 480px, (min-width: 481px) 764px, 100vw\" \/><\/p>\n<p>Para la trazabilidad de la oferta de ventas que hemos hecho al principio, la asocio en este caso a la primera etapa:<\/p>\n<p><img loading=\"lazy\" decoding=\"async\" class=\"aligncenter wp-image-21615 size-full\" src=\"https:\/\/orekait.com\/wp-content\/uploads\/2019\/04\/SAP-Business-One-Gestion-de-proyectos-Asociacion-etapa.jpg\" alt=\"\" width=\"720\" height=\"333\" srcset=\"https:\/\/orekait.com\/wp-content\/uploads\/2019\/04\/SAP-Business-One-Gestion-de-proyectos-Asociacion-etapa.jpg 720w, https:\/\/orekait.com\/wp-content\/uploads\/2019\/04\/SAP-Business-One-Gestion-de-proyectos-Asociacion-etapa-480x222.jpg 480w\" sizes=\"auto, (min-width: 0px) and (max-width: 480px) 480px, (min-width: 481px) 720px, 100vw\" \/><\/p>\n<ol start=\"2\">\n<li><strong>Imputaci\u00f3n de horas<\/strong>. A partir de aqu\u00ed, los empleados que realizan la instalaci\u00f3n imputar\u00edan horas a cada etapa de proyecto. Esto lo hacemos con el cronograma (<em>timesheet<\/em>):<\/li>\n<\/ol>\n<p><img loading=\"lazy\" decoding=\"async\" class=\"aligncenter wp-image-21619 size-full\" src=\"https:\/\/orekait.com\/wp-content\/uploads\/2019\/04\/SAP-Business-One-Gestion-de-proyectos-Imputacion-de-horas.jpg\" alt=\"\" width=\"886\" height=\"182\" srcset=\"https:\/\/orekait.com\/wp-content\/uploads\/2019\/04\/SAP-Business-One-Gestion-de-proyectos-Imputacion-de-horas.jpg 886w, https:\/\/orekait.com\/wp-content\/uploads\/2019\/04\/SAP-Business-One-Gestion-de-proyectos-Imputacion-de-horas-480x99.jpg 480w\" sizes=\"auto, (min-width: 0px) and (max-width: 480px) 480px, (min-width: 481px) 886px, 100vw\" \/><\/p>\n<p>Estos tiempos, como decimos, los estamos imputando contra el proyecto en cuesti\u00f3n y, m\u00e1s en concreto, contra un\u00a0<strong>art\u00edculo de servicio<\/strong>\u00a0asociado al proyecto, el LB0001 (Prestaci\u00f3n de servicio por d\u00edas):<\/p>\n<p><img loading=\"lazy\" decoding=\"async\" class=\"aligncenter wp-image-21623 size-full\" src=\"https:\/\/orekait.com\/wp-content\/uploads\/2019\/04\/SAP-Business-One-Gestion-de-proyectos-Imputacion-contra-articulo-de-servicios-Asociacion-con-actividades-y-tareas.jpg\" alt=\"\" width=\"971\" height=\"199\" srcset=\"https:\/\/orekait.com\/wp-content\/uploads\/2019\/04\/SAP-Business-One-Gestion-de-proyectos-Imputacion-contra-articulo-de-servicios-Asociacion-con-actividades-y-tareas.jpg 971w, https:\/\/orekait.com\/wp-content\/uploads\/2019\/04\/SAP-Business-One-Gestion-de-proyectos-Imputacion-contra-articulo-de-servicios-Asociacion-con-actividades-y-tareas-480x98.jpg 480w\" sizes=\"auto, (min-width: 0px) and (max-width: 480px) 480px, (min-width: 481px) 971px, 100vw\" \/><\/p>\n<p>Este no es m\u00e1s que un art\u00edculo de servicios gen\u00e9rico que representa las horas de servicio que le vamos a facturar al cliente. Recordemos que al cliente no solo le facturamos la venta de la impresora,\u00a0<u>sino todas las horas de servicio que vamos imputando al proyecto<\/u>.<\/p>\n<ol start=\"3\">\n<li>Y llegados a este punto, vamos a hacer uso de la funci\u00f3n para facturarle al cliente las horas que hemos imputado. Esto se gestiona de forma sencilla mediante un asistente de facturaci\u00f3n:<\/li>\n<\/ol>\n<p><img loading=\"lazy\" decoding=\"async\" class=\"aligncenter wp-image-21627 size-full\" src=\"https:\/\/orekait.com\/wp-content\/uploads\/2019\/04\/SAP-Business-One-Gestion-de-proyectos-Facturacion-de-horas.jpg\" alt=\"\" width=\"794\" height=\"252\" srcset=\"https:\/\/orekait.com\/wp-content\/uploads\/2019\/04\/SAP-Business-One-Gestion-de-proyectos-Facturacion-de-horas.jpg 794w, https:\/\/orekait.com\/wp-content\/uploads\/2019\/04\/SAP-Business-One-Gestion-de-proyectos-Facturacion-de-horas-480x152.jpg 480w\" sizes=\"auto, (min-width: 0px) and (max-width: 480px) 480px, (min-width: 481px) 794px, 100vw\" \/><\/p>\n<p><img loading=\"lazy\" decoding=\"async\" class=\"aligncenter wp-image-21635 size-full\" src=\"https:\/\/orekait.com\/wp-content\/uploads\/2019\/04\/SAP-Business-One-Gestion-de-proyectos-Asistente-de-generacion-de-documentos.jpg\" alt=\"\" width=\"538\" height=\"357\" srcset=\"https:\/\/orekait.com\/wp-content\/uploads\/2019\/04\/SAP-Business-One-Gestion-de-proyectos-Asistente-de-generacion-de-documentos.jpg 538w, https:\/\/orekait.com\/wp-content\/uploads\/2019\/04\/SAP-Business-One-Gestion-de-proyectos-Asistente-de-generacion-de-documentos-480x319.jpg 480w\" sizes=\"auto, (min-width: 0px) and (max-width: 480px) 480px, (min-width: 481px) 538px, 100vw\" \/><\/p>\n<p><img loading=\"lazy\" decoding=\"async\" class=\"aligncenter wp-image-21639 size-full\" src=\"https:\/\/orekait.com\/wp-content\/uploads\/2019\/04\/SAP-Business-One-Gestion-de-proyectos-Asistente-de-generacion-de-documentos-2.jpg\" alt=\"\" width=\"667\" height=\"333\" srcset=\"https:\/\/orekait.com\/wp-content\/uploads\/2019\/04\/SAP-Business-One-Gestion-de-proyectos-Asistente-de-generacion-de-documentos-2.jpg 667w, https:\/\/orekait.com\/wp-content\/uploads\/2019\/04\/SAP-Business-One-Gestion-de-proyectos-Asistente-de-generacion-de-documentos-2-480x240.jpg 480w\" sizes=\"auto, (min-width: 0px) and (max-width: 480px) 480px, (min-width: 481px) 667px, 100vw\" \/><\/p>\n<p>Generamos por fin la factura, en la que le pasamos al cliente las 2:30h de trabajo real imputado a la tarifa\/hora de servicios que hayamos definido, en nuestro caso:<\/p>\n<p><img loading=\"lazy\" decoding=\"async\" class=\"aligncenter wp-image-21645 size-full\" src=\"https:\/\/orekait.com\/wp-content\/uploads\/2019\/04\/SAP-Business-One-Gestion-de-proyectos-factura-2.jpg\" alt=\"\" width=\"452\" height=\"430\" srcset=\"https:\/\/orekait.com\/wp-content\/uploads\/2019\/04\/SAP-Business-One-Gestion-de-proyectos-factura-2.jpg 452w, https:\/\/orekait.com\/wp-content\/uploads\/2019\/04\/SAP-Business-One-Gestion-de-proyectos-factura-2-300x285.jpg 300w\" sizes=\"auto, (max-width: 452px) 100vw, 452px\" \/><\/p>\n<p>En el proyecto nos ha asociado autom\u00e1ticamente esta factura:<\/p>\n<p><img loading=\"lazy\" decoding=\"async\" class=\"aligncenter wp-image-21649 size-full\" src=\"https:\/\/orekait.com\/wp-content\/uploads\/2019\/04\/SAP-Business-One-Gestion-de-proyectos-asociacion-factura-proyecto.jpg\" alt=\"\" width=\"684\" height=\"281\" srcset=\"https:\/\/orekait.com\/wp-content\/uploads\/2019\/04\/SAP-Business-One-Gestion-de-proyectos-asociacion-factura-proyecto.jpg 684w, https:\/\/orekait.com\/wp-content\/uploads\/2019\/04\/SAP-Business-One-Gestion-de-proyectos-asociacion-factura-proyecto-480x197.jpg 480w\" sizes=\"auto, (min-width: 0px) and (max-width: 480px) 480px, (min-width: 481px) 684px, 100vw\" \/><\/p>\n<p>Por supuesto, a cada etapa del proyecto podemos asociar actividades y tareas, que podemos planificar en nuestro calendario o asign\u00e1rselas a otro empleado:<\/p>\n<p><img loading=\"lazy\" decoding=\"async\" class=\"aligncenter wp-image-21654 size-full\" src=\"https:\/\/orekait.com\/wp-content\/uploads\/2019\/04\/SAP-Business-One-Gestion-de-proyectos-asignacion-de-tareas.jpg\" alt=\"\" width=\"646\" height=\"363\" srcset=\"https:\/\/orekait.com\/wp-content\/uploads\/2019\/04\/SAP-Business-One-Gestion-de-proyectos-asignacion-de-tareas.jpg 646w, https:\/\/orekait.com\/wp-content\/uploads\/2019\/04\/SAP-Business-One-Gestion-de-proyectos-asignacion-de-tareas-480x270.jpg 480w\" sizes=\"auto, (min-width: 0px) and (max-width: 480px) 480px, (min-width: 481px) 646px, 100vw\" \/><\/p>\n<p>Algunos informes est\u00e1ndar que podemos explotar. Sobra decir que\u00a0<strong>SAP Business One on HANA cuenta con capacidades anal\u00edticas ampliadas<\/strong>, como os vamos a ir mostrando en posteriores art\u00edculos.<\/p>\n<p><img loading=\"lazy\" decoding=\"async\" class=\"aligncenter wp-image-21659 size-full\" src=\"https:\/\/orekait.com\/wp-content\/uploads\/2019\/04\/SAP-Business-One-Gestion-de-proyectos-analitica-ampliada.png\" alt=\"\" width=\"282\" height=\"130\" \/><\/p>\n<p>Esperamos que este art\u00edculo de SAP Business One gesti\u00f3n de proyectos te haya sido de utilidad. Puedes ponerte en contacto con nuestro departamento de SAP Business One.<\/p>\n<p>[\/et_pb_text][\/et_pb_column][\/et_pb_row][et_pb_row admin_label=&#8221;M\u00e1s informaci\u00f3n&#8221; _builder_version=&#8221;4.25.2&#8243; _module_preset=&#8221;default&#8221; global_colors_info=&#8221;{}&#8221;][et_pb_column type=&#8221;4_4&#8243; _builder_version=&#8221;4.25.2&#8243; _module_preset=&#8221;default&#8221; global_colors_info=&#8221;{}&#8221;][et_pb_text _builder_version=&#8221;4.25.2&#8243; _module_preset=&#8221;default&#8221; global_colors_info=&#8221;{}&#8221;]<\/p>\n<p class=\"morado\">M\u00e1s informaci\u00f3n:<\/p>\n<p>[\/et_pb_text][et_pb_button button_url=&#8221;https:\/\/orekait.com\/es\/pyme\/erp-sap-business-one&#8221; button_text=&#8221;M\u00e1s informaci\u00f3n&#8221; module_class=&#8221;entrada-btn&#8221; _builder_version=&#8221;4.25.2&#8243; _module_preset=&#8221;default&#8221; custom_button=&#8221;on&#8221; button_text_color=&#8221;#8156EA&#8221; button_bg_color=&#8221;RGBA(255,255,255,0)&#8221; button_border_color=&#8221;#8156EA&#8221; button_border_radius=&#8221;30px&#8221; button_font=&#8221;Plus Jakarta Sans|600|||||||&#8221; button_icon=&#8221;&#x24;||divi||400&#8243; button_icon_color=&#8221;#8156EA&#8221; button_on_hover=&#8221;off&#8221; hover_enabled=&#8221;0&#8243; global_colors_info=&#8221;{}&#8221; button_text_color__hover_enabled=&#8221;on|desktop&#8221; button_text_color__hover=&#8221;#8156EA&#8221; button_bg_color__hover_enabled=&#8221;on|hover&#8221; button_bg_color__hover=&#8221;#8156EA&#8221; button_bg_enable_color__hover=&#8221;on&#8221; button_icon_color__hover_enabled=&#8221;on|hover&#8221; button_icon_color__hover=&#8221;#ffffff&#8221; url_new_window=&#8221;on&#8221; sticky_enabled=&#8221;0&#8243;][\/et_pb_button][et_pb_divider show_divider=&#8221;off&#8221; _builder_version=&#8221;4.25.2&#8243; _module_preset=&#8221;default&#8221; custom_margin=&#8221;||40px||false|false&#8221; global_colors_info=&#8221;{}&#8221;][\/et_pb_divider][\/et_pb_column][\/et_pb_row][et_pb_row use_custom_gutter=&#8221;on&#8221; admin_label=&#8221;Noticias relacionadas titulo&#8221; module_id=&#8221;fondo-articulos&#8221; _builder_version=&#8221;4.25.2&#8243; _module_preset=&#8221;default&#8221; background_color=&#8221;#f7f7f7&#8243; width=&#8221;100%&#8221; collapsed=&#8221;off&#8221; global_colors_info=&#8221;{}&#8221;][et_pb_column type=&#8221;4_4&#8243; _builder_version=&#8221;4.25.2&#8243; _module_preset=&#8221;default&#8221; global_colors_info=&#8221;{}&#8221;][et_pb_divider show_divider=&#8221;off&#8221; _builder_version=&#8221;4.25.2&#8243; _module_preset=&#8221;default&#8221; background_color=&#8221;RGBA(255,255,255,0)&#8221; custom_margin=&#8221;||40px||false|false&#8221; global_colors_info=&#8221;{}&#8221;][\/et_pb_divider][et_pb_heading title=&#8221;Quizas te pueda interesar&#8221; _builder_version=&#8221;4.25.2&#8243; _module_preset=&#8221;default&#8221; title_level=&#8221;h2&#8243; title_text_align=&#8221;center&#8221; global_colors_info=&#8221;{}&#8221;][\/et_pb_heading][et_pb_divider show_divider=&#8221;off&#8221; _builder_version=&#8221;4.25.2&#8243; _module_preset=&#8221;default&#8221; custom_margin=&#8221;||30px||false|false&#8221; global_colors_info=&#8221;{}&#8221;][\/et_pb_divider][\/et_pb_column][\/et_pb_row][et_pb_row admin_label=&#8221;Noticias relacionadas&#8221; _builder_version=&#8221;4.25.2&#8243; _module_preset=&#8221;default&#8221; width=&#8221;100%&#8221; custom_margin=&#8221;-150px||||false|false&#8221; custom_margin_tablet=&#8221;0px||||false|false&#8221; custom_margin_phone=&#8221;0px||||false|false&#8221; custom_margin_last_edited=&#8221;on|desktop&#8221; global_colors_info=&#8221;{}&#8221;][et_pb_column type=&#8221;4_4&#8243; _builder_version=&#8221;4.25.2&#8243; _module_preset=&#8221;default&#8221; global_colors_info=&#8221;{}&#8221;][et_pb_blog fullwidth=&#8221;off&#8221; posts_number=&#8221;3&#8243; include_categories=&#8221;current&#8221; show_author=&#8221;off&#8221; show_date=&#8221;off&#8221; show_pagination=&#8221;off&#8221; _builder_version=&#8221;4.25.2&#8243; _module_preset=&#8221;default&#8221; global_colors_info=&#8221;{}&#8221;][\/et_pb_blog][\/et_pb_column][\/et_pb_row][\/et_pb_section]<\/p>\n","protected":false},"excerpt":{"rendered":"<p>SAP Business One\u00a0cuenta con un\u00a0m\u00f3dulo de gesti\u00f3n de proyectos\u00a0con la funcionalidad adecuada para dirigir y gestionar cualquier proyecto de forma eficaz, desde la planificaci\u00f3n inicial hasta la entrega final. Adem\u00e1s, al igual que en otros m\u00f3dulos del sistema, el m\u00f3dulo de gesti\u00f3n de proyectos es transversal con las otras \u00e1reas funcionales del ERP. En este [&hellip;]<\/p>\n","protected":false},"author":1,"featured_media":21549,"comment_status":"closed","ping_status":"closed","sticky":false,"template":"","format":"standard","meta":{"_et_pb_use_builder":"on","_et_pb_old_content":"Lorem ipsum dolor sit amet consectetur adipiscing elit congue montes, imperdiet taciti erat elementum fermentum sem ante ultrices ridiculus, sagittis sociis egestas quisque ac semper quis odio. Aenean hendrerit ac metus dis nascetur aliquet mollis integer, rutrum vel laoreet posuere proin sagittis luctus est, tempus duis nisl ultrices parturient tempor praesent. Dignissim curabitur nascetur pellentesque augue fringilla pulvinar eros, tempus fames vehicula maecenas cubilia id, rutrum euismod integer ut scelerisque mus.\r\n\r\nVivamus auctor odio aenean rhoncus natoque dictum purus, volutpat pellentesque laoreet ridiculus consequat nisi varius euismod, augue platea convallis curae magnis taciti. Imperdiet nibh curabitur quisque orci consequat aenean pellentesque, cubilia duis senectus felis sed posuere tortor, magnis enim diam a odio sociis. Enim tellus nisl nec molestie augue luctus tempor habitant, nunc dictumst phasellus volutpat sem facilisis taciti, habitasse laoreet at turpis vel fermentum vulputate.","_et_gb_content_width":"","footnotes":""},"categories":[60],"tags":[],"class_list":["post-21517","post","type-post","status-publish","format-standard","has-post-thumbnail","hentry","category-sap-business-one"],"_links":{"self":[{"href":"https:\/\/orekait.com\/es\/wp-json\/wp\/v2\/posts\/21517","targetHints":{"allow":["GET"]}}],"collection":[{"href":"https:\/\/orekait.com\/es\/wp-json\/wp\/v2\/posts"}],"about":[{"href":"https:\/\/orekait.com\/es\/wp-json\/wp\/v2\/types\/post"}],"author":[{"embeddable":true,"href":"https:\/\/orekait.com\/es\/wp-json\/wp\/v2\/users\/1"}],"replies":[{"embeddable":true,"href":"https:\/\/orekait.com\/es\/wp-json\/wp\/v2\/comments?post=21517"}],"version-history":[{"count":10,"href":"https:\/\/orekait.com\/es\/wp-json\/wp\/v2\/posts\/21517\/revisions"}],"predecessor-version":[{"id":22206,"href":"https:\/\/orekait.com\/es\/wp-json\/wp\/v2\/posts\/21517\/revisions\/22206"}],"wp:featuredmedia":[{"embeddable":true,"href":"https:\/\/orekait.com\/es\/wp-json\/wp\/v2\/media\/21549"}],"wp:attachment":[{"href":"https:\/\/orekait.com\/es\/wp-json\/wp\/v2\/media?parent=21517"}],"wp:term":[{"taxonomy":"category","embeddable":true,"href":"https:\/\/orekait.com\/es\/wp-json\/wp\/v2\/categories?post=21517"},{"taxonomy":"post_tag","embeddable":true,"href":"https:\/\/orekait.com\/es\/wp-json\/wp\/v2\/tags?post=21517"}],"curies":[{"name":"wp","href":"https:\/\/api.w.org\/{rel}","templated":true}]}}