{"id":18250,"date":"2022-12-07T08:00:31","date_gmt":"2022-12-07T07:00:31","guid":{"rendered":"http:\/\/192.168.20.3\/?p=18250"},"modified":"2024-12-10T12:09:07","modified_gmt":"2024-12-10T11:09:07","slug":"contabilidad-costes-normas-de-reparto-y-dimensiones","status":"publish","type":"post","link":"https:\/\/orekait.com\/es\/contabilidad-costes-normas-de-reparto-y-dimensiones\/","title":{"rendered":"Contabilidad de costes III:<br> <span class=\"font-300\">Normas de reparto y dimensiones<\/span>"},"content":{"rendered":"<p>[et_pb_section fb_built=&#8221;1&#8243; admin_label=&#8221;section&#8221; _builder_version=&#8221;4.16&#8243; global_colors_info=&#8221;{}&#8221;][et_pb_row admin_label=&#8221;Imagen principal&#8221; _builder_version=&#8221;4.16&#8243; background_size=&#8221;initial&#8221; background_position=&#8221;top_left&#8221; background_repeat=&#8221;repeat&#8221; global_colors_info=&#8221;{}&#8221;][et_pb_column type=&#8221;4_4&#8243; _builder_version=&#8221;4.16&#8243; custom_padding=&#8221;|||&#8221; global_colors_info=&#8221;{}&#8221; custom_padding__hover=&#8221;|||&#8221;][et_pb_image src=&#8221;https:\/\/orekait.com\/wp-content\/uploads\/2022\/12\/contabilidad-costesIII.png&#8221; alt=&#8221;cloud-public&#8221; title_text=&#8221;contabilidad-costesIII&#8221; admin_label=&#8221;Imagen principal&#8221; module_class=&#8221;post-img&#8221; _builder_version=&#8221;4.25.2&#8243; _module_preset=&#8221;default&#8221; global_colors_info=&#8221;{}&#8221;][\/et_pb_image][\/et_pb_column][\/et_pb_row][et_pb_row admin_label=&#8221;Cuerpo&#8221; _builder_version=&#8221;4.25.2&#8243; _module_preset=&#8221;default&#8221; global_colors_info=&#8221;{}&#8221;][et_pb_column type=&#8221;4_4&#8243; _builder_version=&#8221;4.25.2&#8243; _module_preset=&#8221;default&#8221; global_colors_info=&#8221;{}&#8221;][et_pb_text admin_label=&#8221;Texto&#8221; _builder_version=&#8221;4.25.2&#8243; header_2_font_size=&#8221;24px&#8221; header_3_font_size=&#8221;20px&#8221; background_size=&#8221;initial&#8221; background_position=&#8221;top_left&#8221; background_repeat=&#8221;repeat&#8221; global_colors_info=&#8221;{}&#8221;]<\/p>\n<p>En las entradas anteriores de esta serie de art\u00edculos tratamos sobre las<a href=\"https:\/\/eteekin.eus\/contabilidad-de-costes-parametrizaciones-iniciales\/\" target=\"_blank\" rel=\"noreferrer noopener\">\u00a0parametrizaciones iniciales<\/a>\u00a0entorno a la contabilidad de costes y la creaci\u00f3n de los\u00a0<a href=\"https:\/\/eteekin.eus\/contabilidad-de-costes-ii-centros-de-coste\/\" target=\"_blank\" rel=\"noreferrer noopener\">centros de coste<\/a>. En esta entrada explicaremos la\u00a0<strong>creaci\u00f3n y gesti\u00f3n de normas de reparto y de las dimensiones.<\/strong><\/p>\n<h2>Definir normas de reparto<\/h2>\n<p>La siguiente herramienta que vamos a definir es la norma de reparto.\u00a0<strong>Una norma de reparto es un m\u00e9todo de la contabilidad de costes \u00fatil para asignar gastos e ingresos tanto directos como indirectos a uno o varios CeCos.<\/strong>\u00a0Las normas de reparto contienen informaci\u00f3n acerca de los porcentajes o proporciones en base a los que se van a hacer las imputaciones de los gastos o ingresos a los centros de coste.<\/p>\n<p>Para crear y gestionar normas de reparto tenemos que ir a la ruta\u00a0<strong>Finanzas &gt; Contabilidad de Costes &gt; Normas de reparto<\/strong>. Una vez aqu\u00ed, en la cabecera de la ventana tendremos que indicarle un c\u00f3digo y una descripci\u00f3n (nombre) a la norma de reparto. Al igual que con los CeCos, tendremos que indicarle una dimensi\u00f3n en caso de tenerlas. Tambi\u00e9n indicaremos un periodo de validez y si est\u00e1 activa o no.<\/p>\n<div class=\"wp-block-image\">\n<figure class=\"aligncenter size-full is-resized\"><img loading=\"lazy\" decoding=\"async\" class=\"aligncenter wp-image-18220 \" src=\"https:\/\/orekait.com\/wp-content\/uploads\/2022\/12\/1-centro-coste.png\" alt=\"\" width=\"518\" height=\"291\" srcset=\"https:\/\/orekait.com\/wp-content\/uploads\/2022\/12\/1-centro-coste.png 518w, https:\/\/orekait.com\/wp-content\/uploads\/2022\/12\/1-centro-coste-480x270.png 480w\" sizes=\"auto, (min-width: 0px) and (max-width: 480px) 480px, (min-width: 481px) 518px, 100vw\" \/><\/figure>\n<\/div>\n<p>Los siguientes campos que nos encontramos sirven para indicar si la norma de reparto que estamos creando tiene una imputaci\u00f3n directa o si asignara importes fijos.<\/p>\n<div class=\"wp-block-image\">\n<figure class=\"aligncenter size-full\"><img loading=\"lazy\" decoding=\"async\" class=\"aligncenter wp-image-18224 \" src=\"https:\/\/orekait.com\/wp-content\/uploads\/2022\/12\/2-contabilidad.png\" alt=\"\" width=\"661\" height=\"27\" srcset=\"https:\/\/orekait.com\/wp-content\/uploads\/2022\/12\/2-contabilidad.png 661w, https:\/\/orekait.com\/wp-content\/uploads\/2022\/12\/2-contabilidad-480x20.png 480w\" sizes=\"auto, (min-width: 0px) and (max-width: 480px) 480px, (min-width: 481px) 661px, 100vw\" \/><\/figure>\n<p>&nbsp;<\/p>\n<\/div>\n<p>Las imputaciones directas son aquellas que asignan importes que est\u00e1n directamente relacionados con el centro de coste, como por ejemplo el uso de materia prima en el centro de coste de producci\u00f3n.<\/p>\n<p>La asignaci\u00f3n de importes fijos sirve como su propio nombre indica para asignar siempre la misma cantidad a un centro de coste. Se pueden utilizar distintas medidas para las cantidades (cm, m, km, \u20ac \u2026)<\/p>\n<p>Por \u00faltimo, vemos una tabla que en un inicio est\u00e1 vac\u00eda, aqu\u00ed tenemos que indicar los centros de coste a los que queremos imputar y el porcentaje o cantidad fija que queremos imputarle. En la parte superior de la tabla en caso de no haber optado por importes fijos, tenemos un campo \u2018total\u2019 en el que manualmente tenemos que indicarle la suma de todos los valores de la columna \u2018valor\u2019 de la tabla.<\/p>\n<p>En el caso de querer que los valores de la columna \u2018valor\u2019 se interpreten como porcentajes en el campo \u2018total\u2019 \u00a0tenemos que indicar un 100. Si por el contrario queremos que los datos de la columna \u2018valor\u2019 se interpreten como valores absolutos, valdr\u00e1 con indicar en el campo total una cantidad distinta a 100.<\/p>\n<p>Puede darse el caso de que el\u00a0<strong>gasto a imputar no sea siempre el mismo<\/strong>\u00a0(gastos en electricidad)\u00a0<strong>pero que haya un par de CeCos en nuestra empresa a los que queremos imputarles siempre una cantidad fija<\/strong>\u00a0y lo restante, sea cual sea la cantidad, a otro centro de coste. En ese caso, tendr\u00edamos que indicar los centros de coste con las cantidades fijas que queremos imputarles y el centro de coste que se llevar\u00e1 la parte restante ponerlo en la lista, pero sin indicarle ninguna cantidad, es decir dejando la columna de valor vac\u00eda.<\/p>\n<p>Otra opci\u00f3n que nos entrega SAP es la<strong>\u00a0posibilidad de asignar esas cantidades restantes al cetro de coste cero<\/strong>. Siguiendo con el ejemplo anterior, tendr\u00edamos que poner \u00fanicamente los centros de coste con cantidades fijas y dejar una cantidad restante, pero esta vez sin poner ning\u00fan otro centro de coste en la liste, as\u00ed el sistema entiende que la cantidad que falta la tiene que llevar al centro de coste cero. El centro de coste cero (Centr_z) solo se usa en informes.<\/p>\n<h2>Creaci\u00f3n de dimensiones<\/h2>\n<p>A lo largo de esta serie de art\u00edculos hemos mencionado en ocasiones la posibilidad de\u00a0<strong>utilizar dimensiones<\/strong>. Como indicamos en el primer articulo de<strong>\u00a0<\/strong>la serie\u00a0<strong>es una opci\u00f3n que nos ofrece el programa y que podemos activar en cualquier momento, pero que una vez activada no podemos desactivar.<\/strong><\/p>\n<p>En el caso en el que haya decidi\u00f3 llevar una contabilidad de costes con distintas dimensiones hay que saber que\u00a0<strong>SAP Business One nos da la opci\u00f3n de crear<\/strong>\u00a0<strong>hasta cinco dimensiones<\/strong>. Para ello tendr\u00edamos que ir a la ruta\u00a0<strong>Finanzas &gt; Contabilidad de Costes &gt; Dimensiones<\/strong>. Se nos abrir\u00e1 una pantalla donde nos aparecer\u00e1n los campos de las 5 dimensiones posibles, pero por defecto solo estar\u00e1 activada la primera (eso los vemos en la columna Act.). Podremos activar el resto en cualquier momento.\u00a0<strong>Una vez activamos una dimensi\u00f3n y la asignamos a un centro de coste o norma de reparto, la casilla de la columna \u2018Act\u2019 se bloquea, es decir, no podremos desactivar esa dimensi\u00f3n.<\/strong><\/p>\n<div class=\"wp-block-image\">\n<figure class=\"aligncenter size-full\"><img loading=\"lazy\" decoding=\"async\" class=\"aligncenter wp-image-18228 size-full\" src=\"https:\/\/orekait.com\/wp-content\/uploads\/2022\/12\/costes-3.png\" alt=\"\" width=\"393\" height=\"183\" srcset=\"https:\/\/orekait.com\/wp-content\/uploads\/2022\/12\/costes-3.png 393w, https:\/\/orekait.com\/wp-content\/uploads\/2022\/12\/costes-3-300x140.png 300w\" sizes=\"auto, (max-width: 393px) 100vw, 393px\" \/><\/figure>\n<p>&nbsp;<\/p>\n<\/div>\n<p>En caso de tener alguna duda o querer ampliar informaci\u00f3n pod\u00e9is contactar con nuestro equipo de consultores especializados en <strong>SAP Business One<\/strong> por tel\u00e9fono: 945 067 219 o v\u00eda email: orekait@orekait.com<\/p>\n<p>[\/et_pb_text][\/et_pb_column][\/et_pb_row][et_pb_row admin_label=&#8221;M\u00e1s informaci\u00f3n&#8221; _builder_version=&#8221;4.25.2&#8243; _module_preset=&#8221;default&#8221; global_colors_info=&#8221;{}&#8221;][et_pb_column type=&#8221;4_4&#8243; _builder_version=&#8221;4.25.2&#8243; _module_preset=&#8221;default&#8221; global_colors_info=&#8221;{}&#8221;][et_pb_text _builder_version=&#8221;4.25.2&#8243; _module_preset=&#8221;default&#8221; global_colors_info=&#8221;{}&#8221;]<\/p>\n<p class=\"morado\">M\u00e1s informaci\u00f3n:<\/p>\n<p>[\/et_pb_text][et_pb_button button_url=&#8221;https:\/\/orekait.com\/es\/pyme\/erp-sap-business-one&#8221; url_new_window=&#8221;on&#8221; button_text=&#8221;M\u00e1s informaci\u00f3n&#8221; module_class=&#8221;entrada-btn&#8221; _builder_version=&#8221;4.25.2&#8243; _module_preset=&#8221;default&#8221; custom_button=&#8221;on&#8221; button_text_color=&#8221;#8156EA&#8221; button_bg_color=&#8221;RGBA(255,255,255,0)&#8221; button_border_color=&#8221;#8156EA&#8221; button_border_radius=&#8221;30px&#8221; button_font=&#8221;Plus Jakarta Sans|600|||||||&#8221; button_icon=&#8221;&#x24;||divi||400&#8243; button_icon_color=&#8221;#8156EA&#8221; button_on_hover=&#8221;off&#8221; hover_enabled=&#8221;0&#8243; global_colors_info=&#8221;{}&#8221; button_text_color__hover_enabled=&#8221;on|desktop&#8221; button_text_color__hover=&#8221;#8156EA&#8221; button_bg_color__hover_enabled=&#8221;on|hover&#8221; button_bg_color__hover=&#8221;#8156EA&#8221; button_bg_enable_color__hover=&#8221;on&#8221; button_icon_color__hover_enabled=&#8221;on|hover&#8221; button_icon_color__hover=&#8221;#ffffff&#8221; sticky_enabled=&#8221;0&#8243;][\/et_pb_button][et_pb_divider show_divider=&#8221;off&#8221; _builder_version=&#8221;4.25.2&#8243; _module_preset=&#8221;default&#8221; custom_margin=&#8221;||40px||false|false&#8221; global_colors_info=&#8221;{}&#8221;][\/et_pb_divider][\/et_pb_column][\/et_pb_row][et_pb_row use_custom_gutter=&#8221;on&#8221; admin_label=&#8221;Noticias relacionadas titulo&#8221; module_id=&#8221;fondo-articulos&#8221; _builder_version=&#8221;4.25.2&#8243; _module_preset=&#8221;default&#8221; background_color=&#8221;#f7f7f7&#8243; width=&#8221;100%&#8221; global_colors_info=&#8221;{}&#8221;][et_pb_column type=&#8221;4_4&#8243; _builder_version=&#8221;4.25.2&#8243; _module_preset=&#8221;default&#8221; global_colors_info=&#8221;{}&#8221;][et_pb_divider show_divider=&#8221;off&#8221; _builder_version=&#8221;4.25.2&#8243; _module_preset=&#8221;default&#8221; background_color=&#8221;RGBA(255,255,255,0)&#8221; custom_margin=&#8221;||40px||false|false&#8221; global_colors_info=&#8221;{}&#8221;][\/et_pb_divider][et_pb_heading title=&#8221;Quizas te pueda interesar&#8221; _builder_version=&#8221;4.25.2&#8243; _module_preset=&#8221;default&#8221; title_level=&#8221;h2&#8243; title_text_align=&#8221;center&#8221; global_colors_info=&#8221;{}&#8221;][\/et_pb_heading][et_pb_divider show_divider=&#8221;off&#8221; _builder_version=&#8221;4.25.2&#8243; _module_preset=&#8221;default&#8221; custom_margin=&#8221;||30px||false|false&#8221; global_colors_info=&#8221;{}&#8221;][\/et_pb_divider][\/et_pb_column][\/et_pb_row][et_pb_row admin_label=&#8221;Noticias relacionadas&#8221; _builder_version=&#8221;4.25.2&#8243; _module_preset=&#8221;default&#8221; width=&#8221;100%&#8221; custom_margin=&#8221;-150px||||false|false&#8221; custom_margin_tablet=&#8221;0px||||false|false&#8221; custom_margin_phone=&#8221;0px||||false|false&#8221; custom_margin_last_edited=&#8221;on|desktop&#8221; global_colors_info=&#8221;{}&#8221;][et_pb_column type=&#8221;4_4&#8243; _builder_version=&#8221;4.25.2&#8243; _module_preset=&#8221;default&#8221; global_colors_info=&#8221;{}&#8221;][et_pb_blog fullwidth=&#8221;off&#8221; posts_number=&#8221;3&#8243; include_categories=&#8221;current&#8221; show_author=&#8221;off&#8221; show_date=&#8221;off&#8221; show_pagination=&#8221;off&#8221; _builder_version=&#8221;4.25.2&#8243; _module_preset=&#8221;default&#8221; global_colors_info=&#8221;{}&#8221;][\/et_pb_blog][\/et_pb_column][\/et_pb_row][\/et_pb_section]<\/p>\n","protected":false},"excerpt":{"rendered":"<p>En las entradas anteriores de esta serie de art\u00edculos tratamos sobre las\u00a0parametrizaciones iniciales\u00a0entorno a la contabilidad de costes y la creaci\u00f3n de los\u00a0centros de coste. En esta entrada explicaremos la\u00a0creaci\u00f3n y gesti\u00f3n de normas de reparto y de las dimensiones. Definir normas de reparto La siguiente herramienta que vamos a definir es la norma de [&hellip;]<\/p>\n","protected":false},"author":1,"featured_media":18204,"comment_status":"closed","ping_status":"closed","sticky":false,"template":"","format":"standard","meta":{"_et_pb_use_builder":"on","_et_pb_old_content":"Lorem ipsum dolor sit amet consectetur adipiscing elit congue montes, imperdiet taciti erat elementum fermentum sem ante ultrices ridiculus, sagittis sociis egestas quisque ac semper quis odio. Aenean hendrerit ac metus dis nascetur aliquet mollis integer, rutrum vel laoreet posuere proin sagittis luctus est, tempus duis nisl ultrices parturient tempor praesent. Dignissim curabitur nascetur pellentesque augue fringilla pulvinar eros, tempus fames vehicula maecenas cubilia id, rutrum euismod integer ut scelerisque mus.\r\n\r\nVivamus auctor odio aenean rhoncus natoque dictum purus, volutpat pellentesque laoreet ridiculus consequat nisi varius euismod, augue platea convallis curae magnis taciti. Imperdiet nibh curabitur quisque orci consequat aenean pellentesque, cubilia duis senectus felis sed posuere tortor, magnis enim diam a odio sociis. Enim tellus nisl nec molestie augue luctus tempor habitant, nunc dictumst phasellus volutpat sem facilisis taciti, habitasse laoreet at turpis vel fermentum vulputate.","_et_gb_content_width":"","footnotes":""},"categories":[60],"tags":[],"class_list":["post-18250","post","type-post","status-publish","format-standard","has-post-thumbnail","hentry","category-sap-business-one"],"_links":{"self":[{"href":"https:\/\/orekait.com\/es\/wp-json\/wp\/v2\/posts\/18250","targetHints":{"allow":["GET"]}}],"collection":[{"href":"https:\/\/orekait.com\/es\/wp-json\/wp\/v2\/posts"}],"about":[{"href":"https:\/\/orekait.com\/es\/wp-json\/wp\/v2\/types\/post"}],"author":[{"embeddable":true,"href":"https:\/\/orekait.com\/es\/wp-json\/wp\/v2\/users\/1"}],"replies":[{"embeddable":true,"href":"https:\/\/orekait.com\/es\/wp-json\/wp\/v2\/comments?post=18250"}],"version-history":[{"count":3,"href":"https:\/\/orekait.com\/es\/wp-json\/wp\/v2\/posts\/18250\/revisions"}],"predecessor-version":[{"id":21106,"href":"https:\/\/orekait.com\/es\/wp-json\/wp\/v2\/posts\/18250\/revisions\/21106"}],"wp:featuredmedia":[{"embeddable":true,"href":"https:\/\/orekait.com\/es\/wp-json\/wp\/v2\/media\/18204"}],"wp:attachment":[{"href":"https:\/\/orekait.com\/es\/wp-json\/wp\/v2\/media?parent=18250"}],"wp:term":[{"taxonomy":"category","embeddable":true,"href":"https:\/\/orekait.com\/es\/wp-json\/wp\/v2\/categories?post=18250"},{"taxonomy":"post_tag","embeddable":true,"href":"https:\/\/orekait.com\/es\/wp-json\/wp\/v2\/tags?post=18250"}],"curies":[{"name":"wp","href":"https:\/\/api.w.org\/{rel}","templated":true}]}}