{"id":17841,"date":"2020-06-29T08:00:31","date_gmt":"2020-06-29T06:00:31","guid":{"rendered":"http:\/\/192.168.20.3\/?p=17841"},"modified":"2024-12-11T15:22:04","modified_gmt":"2024-12-11T14:22:04","slug":"mantenemos-senda-alcista-nueva-sede-bizkaia","status":"publish","type":"post","link":"https:\/\/orekait.com\/es\/mantenemos-senda-alcista-nueva-sede-bizkaia\/","title":{"rendered":"Mantenemos senda alcista y una nueva sede en Bizkaia<br><span class=\"font-300\"><\/span>"},"content":{"rendered":"<p>[et_pb_section fb_built=&#8221;1&#8243; admin_label=&#8221;section&#8221; _builder_version=&#8221;4.25.2&#8243; global_colors_info=&#8221;{}&#8221;][et_pb_row admin_label=&#8221;Imagen principal&#8221; _builder_version=&#8221;4.25.2&#8243; background_size=&#8221;initial&#8221; background_position=&#8221;top_left&#8221; background_repeat=&#8221;repeat&#8221; global_colors_info=&#8221;{}&#8221;][et_pb_column type=&#8221;4_4&#8243; _builder_version=&#8221;4.16&#8243; custom_padding=&#8221;|||&#8221; global_colors_info=&#8221;{}&#8221; custom_padding__hover=&#8221;|||&#8221;][et_pb_image alt=&#8221;cloud-public&#8221; title_text=&#8221;Reclamacio\u0301n-de-facturas-vencidas-en-SAP-FI-1&#8243; admin_label=&#8221;Imagen principal&#8221; module_class=&#8221;post-img&#8221; _builder_version=&#8221;4.25.2&#8243; _module_preset=&#8221;default&#8221; global_colors_info=&#8221;{}&#8221;][\/et_pb_image][\/et_pb_column][\/et_pb_row][et_pb_row admin_label=&#8221;Cuerpo&#8221; _builder_version=&#8221;4.25.2&#8243; _module_preset=&#8221;default&#8221; global_colors_info=&#8221;{}&#8221;][et_pb_column type=&#8221;4_4&#8243; _builder_version=&#8221;4.25.2&#8243; _module_preset=&#8221;default&#8221; global_colors_info=&#8221;{}&#8221;][et_pb_text content_last_edited=&#8221;off|desktop&#8221; admin_label=&#8221;Texto&#8221; _builder_version=&#8221;4.25.2&#8243; header_2_font_size=&#8221;24px&#8221; header_3_font_size=&#8221;20px&#8221; header_4_font_size=&#8221;17px&#8221; background_size=&#8221;initial&#8221; background_position=&#8221;top_left&#8221; background_repeat=&#8221;repeat&#8221; width=&#8221;%22671%22&#8243; height=&#8221;%22251%22&#8243; global_colors_info=&#8221;{}&#8221; content__hover_enabled=&#8221;off|hover&#8221;]<\/p>\n<div class=\"et_pb_row et_pb_row_1\">\n<div class=\"et_pb_column et_pb_column_4_4 et_pb_column_1  et_pb_css_mix_blend_mode_passthrough et-last-child\">\n<div class=\"et_pb_module et_pb_text et_pb_text_0  et_pb_text_align_justified et_pb_bg_layout_light\">\n<div class=\"et_pb_text_inner\">\n<h3 style=\"text-align: left;\">Mantenemos nuestra senda alcista y apuntalamos nuestra presencia en Euskadi con una nueva sede en Bizkaia. Cerramos 2019 con una facturaci\u00f3n de 2,2M\u20ac y ampliamos nuestra plantilla en diez profesionales.<\/h3>\n<h3 style=\"text-align: left;\"><span style=\"color: #666666; font-size: 14px;\">Cerramos el pasado ejercicio con una facturaci\u00f3n de\u00a0<\/span><strong style=\"color: #666666; font-size: 14px;\">2,2 millones de euros<\/strong><span style=\"color: #666666; font-size: 14px;\">, cifra r\u00e9cord en nuestra historia. El resultado fue consecuencia, entre otros factores, del buen comportamiento de la actividad en el mercado nacional, con la incorporaci\u00f3n a su cartera de clientes de<\/span><strong style=\"color: #666666; font-size: 14px;\">\u00a0firmas de referencia como Volkswagen Navarra, Metro Bilbao o BSH Electrodom\u00e9sticos Espa\u00f1a<\/strong><span style=\"color: #666666; font-size: 14px;\">, entre otros.<\/span><\/h3>\n<\/div>\n<\/div>\n<\/div>\n<\/div>\n<div class=\"et_pb_row et_pb_row_2\">\n<div class=\"et_pb_column et_pb_column_4_4 et_pb_column_2  et_pb_css_mix_blend_mode_passthrough et-last-child\">\n<div class=\"et_pb_button_module_wrapper et_pb_button_0_wrapper et_pb_button_alignment_center et_pb_module \">\n<p style=\"text-align: left;\">En paralelo, tambi\u00e9n registramos un\u00a0<strong>balance favorable en t\u00e9rminos de empleo<\/strong>\u00a0al incorporar a diez profesionales en nuestra plantilla de Vitoria y Mutilva-Navarra, formada en la actualidad por 50 personas (55% hombres y 45% mujeres) con perfiles vinculados a la Inform\u00e1tica, Ingenier\u00eda, Matem\u00e1ticas y Administraci\u00f3n y Direcci\u00f3n de Empresas-ADE. Una plantilla comprometida desde nuestros inicios con la formaci\u00f3n continua, uno de los ejes fundamentales en el plan estrat\u00e9gico de la compa\u00f1\u00eda, como lo demuestra el hecho de haber destinado el pasado a\u00f1o 12.700 horas a tal fin.<\/p>\n<p><img loading=\"lazy\" decoding=\"async\" class=\"aligncenter wp-image-17820 \" src=\"https:\/\/orekait.com\/wp-content\/uploads\/2020\/06\/OREKA-IT-Consultori\u0301a.png\" alt=\"\" width=\"393\" height=\"114\" srcset=\"https:\/\/orekait.com\/wp-content\/uploads\/2020\/06\/OREKA-IT-Consultori\u0301a.png 800w, https:\/\/orekait.com\/wp-content\/uploads\/2020\/06\/OREKA-IT-Consultori\u0301a-300x87.png 300w, https:\/\/orekait.com\/wp-content\/uploads\/2020\/06\/OREKA-IT-Consultori\u0301a-768x223.png 768w, https:\/\/orekait.com\/wp-content\/uploads\/2020\/06\/OREKA-IT-Consultori\u0301a-480x139.png 480w\" sizes=\"auto, (max-width: 393px) 100vw, 393px\" \/><\/p>\n<p style=\"text-align: left;\">De este modo, mantenemos la senda alcista que venimos protagonizando en los \u00faltimos a\u00f1os y allanamos el camino para apuntalar nuestra presencia en Euskadi a lo largo del presente 2020, donde tenemos previsto firmar un nuevo hito en su trayectoria al i<strong>naugurar en Bizkaia una tercera sede<\/strong>, que se sumar\u00e1 a las que ya tenemos en \u00c1lava (Vitoria-Gasteiz) y Navarra (Mutilva).<\/p>\n<p style=\"text-align: left;\">Esta nueva apuesta forma parte de una<strong>\u00a0estrategia de crecimiento alineada con el tejido empresarial de Euskadi,<\/strong>\u00a0especialmente con el sector PYME, donde el d\u00e9ficit digital es notable y, por tanto, una oportunidad de consolidaci\u00f3n en este campo.<\/p>\n<p style=\"text-align: left;\">\u201c<em>2019 ha sido un a\u00f1o de r\u00e9cord en cuanto a facturaci\u00f3n, sin embargo, los factores clave de este ejercicio han sido la inversi\u00f3n en conocimiento realizada y el posicionamiento conseguido en nuevos clientes, que seguro nos llevar\u00e1n a un nuevo r\u00e9cord de facturaci\u00f3n en 2020\u00a0<\/em>\u201c, ha se\u00f1alado Iraitz P\u00e9rez de Goldarazena, socio fundador de Oreka IT.<\/p>\n<p style=\"text-align: left;\">El pasado a\u00f1o celebramos nuestro X Aniversario, somos uno de los cuatro grupos del Estado que est\u00e1 acreditado como Gold Partner en Servicios de Implantaci\u00f3n SAP para S\/4 HANA por la corporaci\u00f3n alemana SAP, que es el mayor proveedor de servicios inform\u00e1ticos de Europa en base a su tecnolog\u00eda ERP.<\/p>\n<p>&nbsp;<\/p>\n<p>&nbsp;<\/p>\n<\/div>\n<\/div>\n<\/div>\n<p>[\/et_pb_text][\/et_pb_column][\/et_pb_row][et_pb_row admin_label=&#8221;M\u00e1s informaci\u00f3n&#8221; _builder_version=&#8221;4.25.2&#8243; _module_preset=&#8221;default&#8221; global_colors_info=&#8221;{}&#8221;][et_pb_column type=&#8221;4_4&#8243; _builder_version=&#8221;4.25.2&#8243; _module_preset=&#8221;default&#8221; global_colors_info=&#8221;{}&#8221;][et_pb_text _builder_version=&#8221;4.25.2&#8243; _module_preset=&#8221;default&#8221; global_colors_info=&#8221;{}&#8221;]<\/p>\n<p class=\"morado\">M\u00e1s informaci\u00f3n:<\/p>\n<p>[\/et_pb_text][et_pb_button button_url=&#8221;https:\/\/orekait.com\/es\/area-recursos-humanos&#8221; button_text=&#8221;M\u00e1s informaci\u00f3n&#8221; module_class=&#8221;entrada-btn&#8221; _builder_version=&#8221;4.25.2&#8243; _module_preset=&#8221;default&#8221; custom_button=&#8221;on&#8221; button_text_color=&#8221;#8156EA&#8221; button_bg_color=&#8221;RGBA(255,255,255,0)&#8221; button_border_color=&#8221;#8156EA&#8221; button_border_radius=&#8221;30px&#8221; button_font=&#8221;Plus Jakarta Sans|600|||||||&#8221; button_icon=&#8221;&#x24;||divi||400&#8243; button_icon_color=&#8221;#8156EA&#8221; button_on_hover=&#8221;off&#8221; hover_enabled=&#8221;0&#8243; global_colors_info=&#8221;{}&#8221; button_text_color__hover_enabled=&#8221;on|desktop&#8221; button_text_color__hover=&#8221;#8156EA&#8221; button_bg_color__hover_enabled=&#8221;on|hover&#8221; button_bg_color__hover=&#8221;#8156EA&#8221; button_bg_enable_color__hover=&#8221;on&#8221; button_icon_color__hover_enabled=&#8221;on|hover&#8221; button_icon_color__hover=&#8221;#ffffff&#8221; url_new_window=&#8221;on&#8221; sticky_enabled=&#8221;0&#8243;][\/et_pb_button][et_pb_divider show_divider=&#8221;off&#8221; _builder_version=&#8221;4.25.2&#8243; _module_preset=&#8221;default&#8221; custom_margin=&#8221;||40px||false|false&#8221; global_colors_info=&#8221;{}&#8221;][\/et_pb_divider][\/et_pb_column][\/et_pb_row][et_pb_row use_custom_gutter=&#8221;on&#8221; admin_label=&#8221;Noticias relacionadas titulo&#8221; module_id=&#8221;fondo-articulos&#8221; _builder_version=&#8221;4.25.2&#8243; _module_preset=&#8221;default&#8221; background_color=&#8221;#f7f7f7&#8243; width=&#8221;100%&#8221; collapsed=&#8221;off&#8221; global_colors_info=&#8221;{}&#8221;][et_pb_column type=&#8221;4_4&#8243; _builder_version=&#8221;4.25.2&#8243; _module_preset=&#8221;default&#8221; global_colors_info=&#8221;{}&#8221;][et_pb_divider show_divider=&#8221;off&#8221; _builder_version=&#8221;4.25.2&#8243; _module_preset=&#8221;default&#8221; background_color=&#8221;RGBA(255,255,255,0)&#8221; custom_margin=&#8221;||40px||false|false&#8221; global_colors_info=&#8221;{}&#8221;][\/et_pb_divider][et_pb_heading title=&#8221;Quizas te pueda interesar&#8221; _builder_version=&#8221;4.25.2&#8243; _module_preset=&#8221;default&#8221; title_level=&#8221;h2&#8243; title_text_align=&#8221;center&#8221; global_colors_info=&#8221;{}&#8221;][\/et_pb_heading][et_pb_divider show_divider=&#8221;off&#8221; _builder_version=&#8221;4.25.2&#8243; _module_preset=&#8221;default&#8221; custom_margin=&#8221;||30px||false|false&#8221; global_colors_info=&#8221;{}&#8221;][\/et_pb_divider][\/et_pb_column][\/et_pb_row][et_pb_row admin_label=&#8221;Noticias relacionadas&#8221; _builder_version=&#8221;4.25.2&#8243; _module_preset=&#8221;default&#8221; width=&#8221;100%&#8221; custom_margin=&#8221;-150px||||false|false&#8221; custom_margin_tablet=&#8221;0px||||false|false&#8221; custom_margin_phone=&#8221;0px||||false|false&#8221; custom_margin_last_edited=&#8221;on|desktop&#8221; global_colors_info=&#8221;{}&#8221;][et_pb_column type=&#8221;4_4&#8243; _builder_version=&#8221;4.25.2&#8243; _module_preset=&#8221;default&#8221; global_colors_info=&#8221;{}&#8221;][et_pb_blog fullwidth=&#8221;off&#8221; posts_number=&#8221;3&#8243; include_categories=&#8221;current&#8221; show_author=&#8221;off&#8221; show_date=&#8221;off&#8221; show_pagination=&#8221;off&#8221; _builder_version=&#8221;4.25.2&#8243; _module_preset=&#8221;default&#8221; global_colors_info=&#8221;{}&#8221;][\/et_pb_blog][\/et_pb_column][\/et_pb_row][\/et_pb_section]<\/p>\n","protected":false},"excerpt":{"rendered":"<p>Mantenemos nuestra senda alcista y apuntalamos nuestra presencia en Euskadi con una nueva sede en Bizkaia. Cerramos 2019 con una facturaci\u00f3n de 2,2M\u20ac y ampliamos nuestra plantilla en diez profesionales. Cerramos el pasado ejercicio con una facturaci\u00f3n de\u00a02,2 millones de euros, cifra r\u00e9cord en nuestra historia. El resultado fue consecuencia, entre otros factores, del buen [&hellip;]<\/p>\n","protected":false},"author":1,"featured_media":0,"comment_status":"closed","ping_status":"closed","sticky":false,"template":"","format":"standard","meta":{"_et_pb_use_builder":"on","_et_pb_old_content":"Lorem ipsum dolor sit amet consectetur adipiscing elit congue montes, imperdiet taciti erat elementum fermentum sem ante ultrices ridiculus, sagittis sociis egestas quisque ac semper quis odio. Aenean hendrerit ac metus dis nascetur aliquet mollis integer, rutrum vel laoreet posuere proin sagittis luctus est, tempus duis nisl ultrices parturient tempor praesent. Dignissim curabitur nascetur pellentesque augue fringilla pulvinar eros, tempus fames vehicula maecenas cubilia id, rutrum euismod integer ut scelerisque mus.\r\n\r\nVivamus auctor odio aenean rhoncus natoque dictum purus, volutpat pellentesque laoreet ridiculus consequat nisi varius euismod, augue platea convallis curae magnis taciti. Imperdiet nibh curabitur quisque orci consequat aenean pellentesque, cubilia duis senectus felis sed posuere tortor, magnis enim diam a odio sociis. Enim tellus nisl nec molestie augue luctus tempor habitant, nunc dictumst phasellus volutpat sem facilisis taciti, habitasse laoreet at turpis vel fermentum vulputate.","_et_gb_content_width":"","footnotes":""},"categories":[66],"tags":[],"class_list":["post-17841","post","type-post","status-publish","format-standard","hentry","category-corporativo"],"_links":{"self":[{"href":"https:\/\/orekait.com\/es\/wp-json\/wp\/v2\/posts\/17841","targetHints":{"allow":["GET"]}}],"collection":[{"href":"https:\/\/orekait.com\/es\/wp-json\/wp\/v2\/posts"}],"about":[{"href":"https:\/\/orekait.com\/es\/wp-json\/wp\/v2\/types\/post"}],"author":[{"embeddable":true,"href":"https:\/\/orekait.com\/es\/wp-json\/wp\/v2\/users\/1"}],"replies":[{"embeddable":true,"href":"https:\/\/orekait.com\/es\/wp-json\/wp\/v2\/comments?post=17841"}],"version-history":[{"count":2,"href":"https:\/\/orekait.com\/es\/wp-json\/wp\/v2\/posts\/17841\/revisions"}],"predecessor-version":[{"id":21899,"href":"https:\/\/orekait.com\/es\/wp-json\/wp\/v2\/posts\/17841\/revisions\/21899"}],"wp:attachment":[{"href":"https:\/\/orekait.com\/es\/wp-json\/wp\/v2\/media?parent=17841"}],"wp:term":[{"taxonomy":"category","embeddable":true,"href":"https:\/\/orekait.com\/es\/wp-json\/wp\/v2\/categories?post=17841"},{"taxonomy":"post_tag","embeddable":true,"href":"https:\/\/orekait.com\/es\/wp-json\/wp\/v2\/tags?post=17841"}],"curies":[{"name":"wp","href":"https:\/\/api.w.org\/{rel}","templated":true}]}}