{"id":17600,"date":"2021-10-21T08:00:31","date_gmt":"2021-10-21T06:00:31","guid":{"rendered":"http:\/\/192.168.20.3\/?p=17600"},"modified":"2024-12-11T09:22:06","modified_gmt":"2024-12-11T08:22:06","slug":"oreka-it-en-el-forum-ausape-2021","status":"publish","type":"post","link":"https:\/\/orekait.com\/es\/oreka-it-en-el-forum-ausape-2021\/","title":{"rendered":"Oreka IT en el FORUM AUSAPE 2021<br><span class=\"font-300\"><\/span>"},"content":{"rendered":"<p>[et_pb_section fb_built=&#8221;1&#8243; admin_label=&#8221;section&#8221; _builder_version=&#8221;4.25.2&#8243; global_colors_info=&#8221;{}&#8221;][et_pb_row admin_label=&#8221;Imagen principal&#8221; _builder_version=&#8221;4.25.2&#8243; background_size=&#8221;initial&#8221; background_position=&#8221;top_left&#8221; background_repeat=&#8221;repeat&#8221; global_colors_info=&#8221;{}&#8221;][et_pb_column type=&#8221;4_4&#8243; _builder_version=&#8221;4.16&#8243; custom_padding=&#8221;|||&#8221; global_colors_info=&#8221;{}&#8221; custom_padding__hover=&#8221;|||&#8221;][et_pb_image alt=&#8221;cloud-public&#8221; title_text=&#8221;Reclamacio\u0301n-de-facturas-vencidas-en-SAP-FI-1&#8243; admin_label=&#8221;Imagen principal&#8221; module_class=&#8221;post-img&#8221; _builder_version=&#8221;4.25.2&#8243; _module_preset=&#8221;default&#8221; global_colors_info=&#8221;{}&#8221;][\/et_pb_image][\/et_pb_column][\/et_pb_row][et_pb_row admin_label=&#8221;Cuerpo&#8221; _builder_version=&#8221;4.25.2&#8243; _module_preset=&#8221;default&#8221; global_colors_info=&#8221;{}&#8221;][et_pb_column type=&#8221;4_4&#8243; _builder_version=&#8221;4.25.2&#8243; _module_preset=&#8221;default&#8221; global_colors_info=&#8221;{}&#8221;][et_pb_text content_last_edited=&#8221;off|desktop&#8221; admin_label=&#8221;Texto&#8221; _builder_version=&#8221;4.25.2&#8243; header_2_font_size=&#8221;24px&#8221; header_3_font_size=&#8221;20px&#8221; header_4_font_size=&#8221;17px&#8221; background_size=&#8221;initial&#8221; background_position=&#8221;top_left&#8221; background_repeat=&#8221;repeat&#8221; width=&#8221;%22671%22&#8243; height=&#8221;%22251%22&#8243; hover_enabled=&#8221;0&#8243; global_colors_info=&#8221;{}&#8221; content__hover_enabled=&#8221;off|hover&#8221; sticky_enabled=&#8221;0&#8243;]<\/p>\n<h2 style=\"text-align: center;\">El pasado mes de septiembre Oreka IT particip\u00f3 como patrocinador oro en el F\u00f3rum AUSAPE 2021.<\/h2>\n<div class=\"et_pb_module et_pb_text et_pb_text_1  et_pb_text_align_justified et_pb_bg_layout_light\">\n<div class=\"et_pb_text_inner\">\n<p>Un evento anual de referencia para la\u00a0<strong>comunidad SAP en Espa\u00f1a<\/strong>, que, en esta ocasi\u00f3n, tuvo lugar en Bilbao. Concretamente en el Palacio de Congresos Euskalduna donde despu\u00e9s de a\u00f1o y medio en el que los eventos presenciales han sufrido una cancelaci\u00f3n forzosa, pudimos disfrutar de una interesante agenda llena de<strong>\u00a0importantes ponencias y sesiones<\/strong>. Adem\u00e1s, tambi\u00e9n pudimos\u00a0<strong>reencontrarnos con clientes, compa\u00f1eros y partners<\/strong>.<\/p>\n<\/div>\n<\/div>\n<div class=\"et_pb_module et_pb_image et_pb_image_0\"><img loading=\"lazy\" decoding=\"async\" class=\"aligncenter wp-image-17578 \" src=\"https:\/\/orekait.com\/wp-content\/uploads\/2021\/10\/forum-ausape-euskalduna-bilbao-.jpg\" alt=\"\" width=\"441\" height=\"250\" \/><\/div>\n<div class=\"et_pb_module et_pb_text et_pb_text_2  et_pb_text_align_justified et_pb_bg_layout_light\">\n<div class=\"et_pb_text_inner\">\n<p>Este Forum AUSAPE, como no pod\u00eda ser de otra forma, estuvo centrado en el mundo post-pandemia y sus nuevos retos, llevando por t\u00edtulo<strong>\u00a0\u201cFORUM AUSAPE 2021 \/ La nueva normalidad digital: Saludable, sostenible e inteligente\u201d<\/strong>.<\/p>\n<\/div>\n<\/div>\n<div class=\"et_pb_module et_pb_text et_pb_text_3  et_pb_text_align_justified et_pb_bg_layout_light\">\n<div class=\"et_pb_text_inner\">\n<p>Por nuestra parte, destacamos la charla ofrecida por Oreka IT de la mano de nuestro\u00a0<strong>Director de Productos SAP e Innovaci\u00f3n<\/strong>, Jos\u00e9 Carasa junto a Antonio Hern\u00e1ndez,\u00a0<strong>Planificador de medio ambiente y energ\u00eda en Mercedes-Benz<\/strong>. Una ponencia d\u00f3nde conocimos de primera mano c\u00f3mo el departamento de Gesti\u00f3n Energ\u00e9tica de Mercedes-Benz Espa\u00f1a utiliza\u00a0<strong>tecnolog\u00eda SAP para la mejora en la medici\u00f3n de consumos energ\u00e9ticos<\/strong>\u00a0pudiendo realizar un seguimiento \u00e1gil y determinar lo antes posible puntos de mejora. Un caso de uso en un entorno de f\u00e1brica productiva y en la que se ha incluido anal\u00edtica avanzada y algoritmos predictivos.<\/p>\n<\/div>\n<\/div>\n<div class=\"et_pb_module et_pb_image et_pb_image_1\"><img loading=\"lazy\" decoding=\"async\" class=\"aligncenter wp-image-17582 \" src=\"https:\/\/orekait.com\/wp-content\/uploads\/2021\/10\/ponencia-orekait-mercedes-benz.jpg\" alt=\"\" width=\"328\" height=\"182\" \/><\/div>\n<div class=\"et_pb_module et_pb_text et_pb_text_4  et_pb_text_align_justified et_pb_bg_layout_light\">\n<div class=\"et_pb_text_inner\">\n<p>Durante la sesi\u00f3n se vieron los retos a los que se han enfrentado y c\u00f3mo le han dado respuesta gracias a la tecnolog\u00eda SAP (BW on HANA, NLS, Lumira Designer, Fiori, SAP Smart Data Streaming, R-Server,\u2026) y a nuestro\u00a0<strong>talento en Oreka IT<\/strong>.<\/p>\n<div class=\"et_pb_module et_pb_image et_pb_image_2\"><img loading=\"lazy\" decoding=\"async\" class=\"aligncenter wp-image-17586 \" src=\"https:\/\/orekait.com\/wp-content\/uploads\/2021\/10\/stand-orekait-bio.jpg\" alt=\"\" width=\"337\" height=\"254\" \/><\/div>\n<div class=\"et_pb_module et_pb_text et_pb_text_5  et_pb_text_align_justified et_pb_bg_layout_light\">\n<div class=\"et_pb_text_inner\">\n<p>Si te acercaste a<strong>\u00a0nuestro stand<\/strong>\u00a0de la zona principal, pudiste disfrutar de las\u00a0<strong>Presentaciones Express<\/strong>\u00a0que ofrecieron nuestros consultores SAP sobre temas como:<\/p>\n<\/div>\n<\/div>\n<div class=\"et_pb_module et_pb_text et_pb_text_6  et_pb_text_align_justified et_pb_bg_layout_light\">\n<div class=\"et_pb_text_inner\">\n<p>\ud83d\udc49 TicketBai y Batuz se ponen en marcha \u2013<a href=\"https:\/\/youtu.be\/K4oI2Nwuc04\" target=\"_blank\" rel=\"noopener\">\u00a0<strong>Ver v\u00eddeo<\/strong><\/a><br \/>\ud83d\udc49 Integraci\u00f3n SAP \/ SharePoint \u2013<a href=\"https:\/\/youtu.be\/BSUsMbWY-Kg?t=1\" target=\"_blank\" rel=\"noopener\">\u00a0<strong>Ver v\u00eddeo<\/strong><\/a><br \/>\ud83d\udc49 SAP BusinessOne for HANA 10 \u2013\u00a0<a title=\"Sap Business One for HANA 10\" href=\"https:\/\/youtu.be\/ErtA6b6blNM\" target=\"_blank\" rel=\"noopener\"><strong>Ver v\u00eddeo<\/strong><\/a><br \/>\ud83d\udc49 Identidad digital en SAP con ValidatedID \u2013\u00a0<a title=\"V\u00eddeo Identidad digital en SAP con Validated ID\" href=\"https:\/\/youtu.be\/btx2EEMOlmQ\" target=\"_blank\" rel=\"noopener\"><strong>Ver v\u00eddeo<\/strong><\/a><\/p>\n<p>&nbsp;<\/p>\n<\/div>\n<\/div>\n<div class=\"et_pb_module et_pb_image et_pb_image_3\"><img loading=\"lazy\" decoding=\"async\" class=\"aligncenter wp-image-17590 \" src=\"https:\/\/orekait.com\/wp-content\/uploads\/2021\/10\/networking-bio-ausape.jpg\" alt=\"\" width=\"427\" height=\"264\" \/><\/div>\n<div class=\"et_pb_module et_pb_text et_pb_text_7  et_pb_text_align_justified et_pb_bg_layout_light\">\n<div class=\"et_pb_text_inner\">\n<p>Un placer compartir con todos los asistentes las opciones de\u00a0<strong>Networking<\/strong>, tanto en el Stand como en los momentos de caf\u00e9, comida y cena, d\u00f3nde pudimos establecer nuevas relaciones y oportunidades comerciales. Ha sido muy gratificante volver a reencontrarnos con clientes y partners de manera presencial.<\/p>\n<\/div>\n<\/div>\n<div class=\"et_pb_module et_pb_text et_pb_text_9  et_pb_text_align_justified et_pb_bg_layout_light\">\n<div class=\"et_pb_text_inner\">\n<p><strong>\u00a1Nos despedimos con una sonrisa <\/strong><strong>hasta la pr\u00f3xima edici\u00f3n!<\/strong><\/p>\n<\/div>\n<\/div>\n<p>&nbsp;<\/p>\n<\/div>\n<\/div>\n<p>[\/et_pb_text][\/et_pb_column][\/et_pb_row][et_pb_row admin_label=&#8221;M\u00e1s informaci\u00f3n&#8221; _builder_version=&#8221;4.25.2&#8243; _module_preset=&#8221;default&#8221; global_colors_info=&#8221;{}&#8221;][et_pb_column type=&#8221;4_4&#8243; _builder_version=&#8221;4.25.2&#8243; _module_preset=&#8221;default&#8221; global_colors_info=&#8221;{}&#8221;][et_pb_text _builder_version=&#8221;4.25.2&#8243; _module_preset=&#8221;default&#8221; global_colors_info=&#8221;{}&#8221;]<\/p>\n<p class=\"morado\">M\u00e1s informaci\u00f3n:<\/p>\n<p>[\/et_pb_text][et_pb_button button_url=&#8221;https:\/\/orekait.com\/es\/area-recursos-humanos&#8221; button_text=&#8221;M\u00e1s informaci\u00f3n&#8221; module_class=&#8221;entrada-btn&#8221; _builder_version=&#8221;4.25.2&#8243; _module_preset=&#8221;default&#8221; custom_button=&#8221;on&#8221; button_text_color=&#8221;#8156EA&#8221; button_bg_color=&#8221;RGBA(255,255,255,0)&#8221; button_border_color=&#8221;#8156EA&#8221; button_border_radius=&#8221;30px&#8221; button_font=&#8221;Plus Jakarta Sans|600|||||||&#8221; button_icon=&#8221;&#x24;||divi||400&#8243; button_icon_color=&#8221;#8156EA&#8221; button_on_hover=&#8221;off&#8221; hover_enabled=&#8221;0&#8243; global_colors_info=&#8221;{}&#8221; button_text_color__hover_enabled=&#8221;on|desktop&#8221; button_text_color__hover=&#8221;#8156EA&#8221; button_bg_color__hover_enabled=&#8221;on|hover&#8221; button_bg_color__hover=&#8221;#8156EA&#8221; button_bg_enable_color__hover=&#8221;on&#8221; button_icon_color__hover_enabled=&#8221;on|hover&#8221; button_icon_color__hover=&#8221;#ffffff&#8221; url_new_window=&#8221;on&#8221; sticky_enabled=&#8221;0&#8243;][\/et_pb_button][et_pb_divider show_divider=&#8221;off&#8221; _builder_version=&#8221;4.25.2&#8243; _module_preset=&#8221;default&#8221; custom_margin=&#8221;||40px||false|false&#8221; global_colors_info=&#8221;{}&#8221;][\/et_pb_divider][\/et_pb_column][\/et_pb_row][et_pb_row use_custom_gutter=&#8221;on&#8221; admin_label=&#8221;Noticias relacionadas titulo&#8221; module_id=&#8221;fondo-articulos&#8221; _builder_version=&#8221;4.25.2&#8243; _module_preset=&#8221;default&#8221; background_color=&#8221;#f7f7f7&#8243; width=&#8221;100%&#8221; collapsed=&#8221;off&#8221; global_colors_info=&#8221;{}&#8221;][et_pb_column type=&#8221;4_4&#8243; _builder_version=&#8221;4.25.2&#8243; _module_preset=&#8221;default&#8221; global_colors_info=&#8221;{}&#8221;][et_pb_divider show_divider=&#8221;off&#8221; _builder_version=&#8221;4.25.2&#8243; _module_preset=&#8221;default&#8221; background_color=&#8221;RGBA(255,255,255,0)&#8221; custom_margin=&#8221;||40px||false|false&#8221; global_colors_info=&#8221;{}&#8221;][\/et_pb_divider][et_pb_heading title=&#8221;Quizas te pueda interesar&#8221; _builder_version=&#8221;4.25.2&#8243; _module_preset=&#8221;default&#8221; title_level=&#8221;h2&#8243; title_text_align=&#8221;center&#8221; global_colors_info=&#8221;{}&#8221;][\/et_pb_heading][et_pb_divider show_divider=&#8221;off&#8221; _builder_version=&#8221;4.25.2&#8243; _module_preset=&#8221;default&#8221; custom_margin=&#8221;||30px||false|false&#8221; global_colors_info=&#8221;{}&#8221;][\/et_pb_divider][\/et_pb_column][\/et_pb_row][et_pb_row admin_label=&#8221;Noticias relacionadas&#8221; _builder_version=&#8221;4.25.2&#8243; _module_preset=&#8221;default&#8221; width=&#8221;100%&#8221; custom_margin=&#8221;-150px||||false|false&#8221; custom_margin_tablet=&#8221;0px||||false|false&#8221; custom_margin_phone=&#8221;0px||||false|false&#8221; custom_margin_last_edited=&#8221;on|desktop&#8221; global_colors_info=&#8221;{}&#8221;][et_pb_column type=&#8221;4_4&#8243; _builder_version=&#8221;4.25.2&#8243; _module_preset=&#8221;default&#8221; global_colors_info=&#8221;{}&#8221;][et_pb_blog fullwidth=&#8221;off&#8221; posts_number=&#8221;3&#8243; include_categories=&#8221;current&#8221; show_author=&#8221;off&#8221; show_date=&#8221;off&#8221; show_pagination=&#8221;off&#8221; _builder_version=&#8221;4.25.2&#8243; _module_preset=&#8221;default&#8221; global_colors_info=&#8221;{}&#8221;][\/et_pb_blog][\/et_pb_column][\/et_pb_row][\/et_pb_section]<\/p>\n","protected":false},"excerpt":{"rendered":"<p>El pasado mes de septiembre Oreka IT particip\u00f3 como patrocinador oro en el F\u00f3rum AUSAPE 2021. Un evento anual de referencia para la\u00a0comunidad SAP en Espa\u00f1a, que, en esta ocasi\u00f3n, tuvo lugar en Bilbao. Concretamente en el Palacio de Congresos Euskalduna donde despu\u00e9s de a\u00f1o y medio en el que los eventos presenciales han sufrido [&hellip;]<\/p>\n","protected":false},"author":1,"featured_media":0,"comment_status":"closed","ping_status":"closed","sticky":false,"template":"","format":"standard","meta":{"_et_pb_use_builder":"on","_et_pb_old_content":"Lorem ipsum dolor sit amet consectetur adipiscing elit congue montes, imperdiet taciti erat elementum fermentum sem ante ultrices ridiculus, sagittis sociis egestas quisque ac semper quis odio. Aenean hendrerit ac metus dis nascetur aliquet mollis integer, rutrum vel laoreet posuere proin sagittis luctus est, tempus duis nisl ultrices parturient tempor praesent. Dignissim curabitur nascetur pellentesque augue fringilla pulvinar eros, tempus fames vehicula maecenas cubilia id, rutrum euismod integer ut scelerisque mus.\r\n\r\nVivamus auctor odio aenean rhoncus natoque dictum purus, volutpat pellentesque laoreet ridiculus consequat nisi varius euismod, augue platea convallis curae magnis taciti. Imperdiet nibh curabitur quisque orci consequat aenean pellentesque, cubilia duis senectus felis sed posuere tortor, magnis enim diam a odio sociis. Enim tellus nisl nec molestie augue luctus tempor habitant, nunc dictumst phasellus volutpat sem facilisis taciti, habitasse laoreet at turpis vel fermentum vulputate.","_et_gb_content_width":"","footnotes":""},"categories":[66],"tags":[],"class_list":["post-17600","post","type-post","status-publish","format-standard","hentry","category-corporativo"],"_links":{"self":[{"href":"https:\/\/orekait.com\/es\/wp-json\/wp\/v2\/posts\/17600","targetHints":{"allow":["GET"]}}],"collection":[{"href":"https:\/\/orekait.com\/es\/wp-json\/wp\/v2\/posts"}],"about":[{"href":"https:\/\/orekait.com\/es\/wp-json\/wp\/v2\/types\/post"}],"author":[{"embeddable":true,"href":"https:\/\/orekait.com\/es\/wp-json\/wp\/v2\/users\/1"}],"replies":[{"embeddable":true,"href":"https:\/\/orekait.com\/es\/wp-json\/wp\/v2\/comments?post=17600"}],"version-history":[{"count":2,"href":"https:\/\/orekait.com\/es\/wp-json\/wp\/v2\/posts\/17600\/revisions"}],"predecessor-version":[{"id":21375,"href":"https:\/\/orekait.com\/es\/wp-json\/wp\/v2\/posts\/17600\/revisions\/21375"}],"wp:attachment":[{"href":"https:\/\/orekait.com\/es\/wp-json\/wp\/v2\/media?parent=17600"}],"wp:term":[{"taxonomy":"category","embeddable":true,"href":"https:\/\/orekait.com\/es\/wp-json\/wp\/v2\/categories?post=17600"},{"taxonomy":"post_tag","embeddable":true,"href":"https:\/\/orekait.com\/es\/wp-json\/wp\/v2\/tags?post=17600"}],"curies":[{"name":"wp","href":"https:\/\/api.w.org\/{rel}","templated":true}]}}