{"id":17499,"date":"2022-03-14T08:00:31","date_gmt":"2022-03-14T07:00:31","guid":{"rendered":"http:\/\/192.168.20.3\/?p=17499"},"modified":"2024-12-10T15:36:00","modified_gmt":"2024-12-10T14:36:00","slug":"oreka-it-participa-en-la-korrika-2022","status":"publish","type":"post","link":"https:\/\/orekait.com\/es\/oreka-it-participa-en-la-korrika-2022\/","title":{"rendered":"Oreka IT participa en la KORRIKA 2022<br><span class=\"font-300\"><\/span>"},"content":{"rendered":"<p>[et_pb_section fb_built=&#8221;1&#8243; admin_label=&#8221;section&#8221; _builder_version=&#8221;4.25.2&#8243; global_colors_info=&#8221;{}&#8221;][et_pb_row admin_label=&#8221;Imagen principal&#8221; _builder_version=&#8221;4.25.2&#8243; background_size=&#8221;initial&#8221; background_position=&#8221;top_left&#8221; background_repeat=&#8221;repeat&#8221; global_colors_info=&#8221;{}&#8221;][et_pb_column type=&#8221;4_4&#8243; _builder_version=&#8221;4.16&#8243; custom_padding=&#8221;|||&#8221; global_colors_info=&#8221;{}&#8221; custom_padding__hover=&#8221;|||&#8221;][et_pb_image alt=&#8221;cloud-public&#8221; title_text=&#8221;Reclamacio\u0301n-de-facturas-vencidas-en-SAP-FI-1&#8243; admin_label=&#8221;Imagen principal&#8221; module_class=&#8221;post-img&#8221; _builder_version=&#8221;4.25.2&#8243; _module_preset=&#8221;default&#8221; global_colors_info=&#8221;{}&#8221;][\/et_pb_image][\/et_pb_column][\/et_pb_row][et_pb_row admin_label=&#8221;Cuerpo&#8221; _builder_version=&#8221;4.25.2&#8243; _module_preset=&#8221;default&#8221; global_colors_info=&#8221;{}&#8221;][et_pb_column type=&#8221;4_4&#8243; _builder_version=&#8221;4.25.2&#8243; _module_preset=&#8221;default&#8221; global_colors_info=&#8221;{}&#8221;][et_pb_text content_last_edited=&#8221;off|desktop&#8221; admin_label=&#8221;Texto&#8221; _builder_version=&#8221;4.25.2&#8243; header_2_font_size=&#8221;24px&#8221; header_3_font_size=&#8221;20px&#8221; header_4_font_size=&#8221;17px&#8221; background_size=&#8221;initial&#8221; background_position=&#8221;top_left&#8221; background_repeat=&#8221;repeat&#8221; width=&#8221;%22671%22&#8243; height=&#8221;%22251%22&#8243; hover_enabled=&#8221;0&#8243; global_colors_info=&#8221;{}&#8221; content__hover_enabled=&#8221;off|hover&#8221; sticky_enabled=&#8221;0&#8243;]<\/p>\n<h3>Desde Amurrio hasta Donosti, del 31 de marzo al 10 de abril.<\/h3>\n<div class=\"et_pb_module et_pb_text et_pb_text_1  et_pb_text_align_justified et_pb_bg_layout_light\">\n<div class=\"et_pb_text_inner\">\n<p><b>\ud83c\udfc3\u200d\u2640\ufe0f\ud83c\udfc3\u200d\u2642\ufe0f\ud83c\udfc3\u200d\u2640\ufe0f\ud83c\udfc3\u200d\u2640\ufe0f\ud83c\udfc3\u200d\u2642\ufe0f\ud83c\udfc3\u200d\u2640\ufe0f\ud83c\udfc3\u200d\u2642\ufe0f\ud83c\udfc3\u200d\u2642\ufe0f\ud83c\udfc3\u200d\u2640\ufe0f\ud83c\udfc3\u200d\u2640\ufe0f\ud83c\udfc3\u200d\u2642\ufe0f\ud83c\udfc3\u200d\u2640\ufe0f\ud83c\udfc3\u200d\u2642\ufe0f\ud83c\udfc3\u200d\u2640\ufe0f\ud83c\udfc3\u200d\u2640\ufe0f\ud83c\udfc3\u200d\u2642\ufe0f<\/b><\/p>\n<p><b>\u00a1Llega la korrika\u2026!<\/b><\/p>\n<\/div>\n<\/div>\n<div class=\"et_pb_with_border et_pb_module et_pb_text et_pb_text_2  et_pb_text_align_justified et_pb_bg_layout_light\">\n<div class=\"et_pb_text_inner\">\n<p>Han pasado casi 3 a\u00f1os desde que nos despedimos de la Korrika, leyendo el mensaje secreto del testigo en la propia Vitoria-Gasteiz. Tras este extraordinario par\u00f3n hist\u00f3rico de la Korrika desde 1980, regresa con m\u00e1s fuerza que nunca en 2022.<\/p>\n<p><strong>Este a\u00f1o Oreka IT<\/strong>\u00a0<strong>participar\u00e1 cogiendo el testigo en Gasteiz el d\u00eda 1 de Abril a las 17:09 en el kilometro 286A.<\/strong><\/p>\n<p>El lema de este a\u00f1o para impulsar el euskera es `<strong>HitzEkin<\/strong>\u00b4 que significa \u00abcon las palabras\u00bb. Trata sobre la importancia de las iniciativas y las acciones a pesar de que un idioma se componga por palabras. Es por eso, que, si el euskera quiere avanzar, necesita disponer de euskaldunes (pro)activos. Es decir, personas que sepan y utilicen el euskera, cosa que Oreka IT promulga al completo.<\/p>\n<\/div>\n<\/div>\n<p><img loading=\"lazy\" decoding=\"async\" class=\"aligncenter wp-image-17485 \" src=\"https:\/\/orekait.com\/wp-content\/uploads\/2022\/03\/KORRIKA22-HITZEKIN.png\" alt=\"\" width=\"332\" height=\"264\" \/><\/p>\n<div class=\"et_pb_module et_pb_text et_pb_text_3  et_pb_text_align_justified et_pb_bg_layout_light\">\n<div class=\"et_pb_text_inner\">\n<p>La Korrika partir\u00e1 a las 16:30 desde\u00a0<strong>Amurrio<\/strong>, provincia donde concluy\u00f3 la edici\u00f3n del a\u00f1o pasado, tal y como marca la tradici\u00f3n.\u00a0<strong>Aiara y Enkarterri<\/strong>\u00a0ser\u00e1n las que sigan a la localidad alavesa. Durante las primeras horas del 1 de abril el testigo entrar\u00e1 en\u00a0<strong>Hego Uribe y m\u00e1s tarde en Durangaldea.<\/strong><\/p>\n<p>Tras esto abandonar\u00e1\u00a0<strong>Bizkaia\u00a0<\/strong>para adentrarse en\u00a0<strong>Gipuzkoa\u00a0<\/strong>desde\u00a0<strong>Eibar<\/strong>. De ah\u00ed a\u00a0<strong>Debagoiena\u00a0<\/strong>(Bergara, Arrasate, Leintz-Gatzaga) y, de vuelta a\u00a0<strong>Araba<\/strong>, por\u00a0<strong>Legutio<\/strong>, para llegar a las 17:00 de la tarde a la capital vasca,\u00a0<strong>Gasteiz<\/strong>.<\/p>\n<p>La marcha recorrer\u00e1 la llanada y entrar\u00e1, el 2 de abril, en\u00a0<strong>Sakana\u00a0<\/strong>por el camino de\u00a0<strong>Egino\u00a0<\/strong>a\u00a0<strong>Ziordi<\/strong>, llegando a\u00a0<strong>Nafarroa<\/strong>. Tras la llegada a\u00a0<strong>Iru\u00f1ea<\/strong>, la Korrika se dirigir\u00e1 a\u00a0<strong>Elortzibar<\/strong>, y de ah\u00ed a\u00a0<strong>Izarbeibarra<\/strong>,\u00a0<strong>Tafallaldea\u00a0<\/strong>y, para terminar la jornada, ya el domingo, de camino a\u00a0<strong>Erribera<\/strong>.<\/p>\n<p>Tras pasar\u00a0<strong>Zangozaldea\u00a0<\/strong>y los\u00a0<strong>Pirineos<\/strong>, el testigo transcurrir\u00e1 por\u00a0<strong>Iparralde<\/strong>, concretamente por\u00a0<strong>Donibane-Garazi y Maule<\/strong>.\u00a0<strong>Zuberoa\u00a0<\/strong>ser\u00e1 la primera localidad del 5 de abril. Tras la cual la Korrika regresar\u00e1 a Nafarroa, desde\u00a0<strong>Baigorri\u00a0<\/strong>a\u00a0<strong>Erratzu<\/strong>, para m\u00e1s tarde atravesar\u00a0<strong>Baztan, Ultzama, Larraun, de nuevo a Sakana y Lizarralde.<\/strong><\/p>\n<div class=\"et_pb_module et_pb_text et_pb_text_4  et_pb_text_align_justified et_pb_bg_layout_light\">\n<div class=\"et_pb_text_inner\">\n<p>El 6 de abril la marcha volver\u00e1 a adentrarse en Araba por\u00a0<strong>Kanpezu<\/strong>, donde el testigo pasar\u00e1 de mano en mano por la<strong>\u00a0comarca de Mendialdea<\/strong>. De ah\u00ed a\u00a0<strong>Trebi\u00f1u<\/strong>,\u00a0<strong>A\u00f1ana\u00a0<\/strong>y\u00a0<strong>Gorbeialdea<\/strong>, para finalmente entrar por segunda vez durante esta edici\u00f3n en\u00a0<strong>Bizkaia<\/strong>, esta vez por\u00a0<strong>Arratia<\/strong>.<\/p>\n<p>La Korrika permanecer\u00e1 despu\u00e9s dos d\u00edas en Bizkaia: de\u00a0<strong>Arratia a Usansolo, y del Txorierri a Bilbo<\/strong>. Ser\u00e1n ya las 19:30 horas del 6 de abril. Las y los participantes recorrer\u00e1n\u00a0<strong>Ezkerraldea y Meatzaldea<\/strong>\u00a0durante las primeras horas del d\u00eda 7, y pasar\u00e1n la madrugada en\u00a0<strong>Uribe Kosta.\u00a0<\/strong><strong>Ese mismo d\u00eda pasar\u00e1 cerca de nuestras oficinas de Leioa entre las 6 y las 7 de la ma\u00f1ana.<\/strong><\/p>\n<p>El 10 de abril la marcha volver\u00e1 a pasar por Gipuzkoa, entrando en<b>\u00a0Ir\u00fan, Oarsoaldea, la zona de Hernanialdea<\/b>\u00a0y, finalmente, la carrera popular entrar\u00e1 por\u00a0<strong>A\u00f1orga en Donostia\u00a0<\/strong>sobre las 7:30 de la ma\u00f1ana.<\/p>\n<p>Para finalizar la\u00a0<strong>22\u00aa edici\u00f3n de la Korrika,<\/strong>\u00a0el testigo llegar\u00e1 a la capital guipuzcoana el 10 de abril para leer el mensaje secreto, acompa\u00f1ado del eslogan de este a\u00f1o:\u00a0<strong>Hitzekin!<\/strong><\/p>\n<\/div>\n<\/div>\n<p><img loading=\"lazy\" decoding=\"async\" class=\"aligncenter wp-image-17489 \" src=\"https:\/\/orekait.com\/wp-content\/uploads\/2022\/03\/22-korrikaren-ibilbidea.jpg\" alt=\"\" width=\"326\" height=\"456\" \/><\/p>\n<div class=\"et_pb_module et_pb_text et_pb_text_5  et_pb_text_align_justified et_pb_bg_layout_light\">\n<div class=\"et_pb_text_inner\">\n<p><b>\ud83c\udfc3\u200d\u2640\ufe0f\ud83c\udfc3\u200d\u2642\ufe0f\ud83c\udfc3\u200d\u2640\ufe0f\ud83c\udfc3\u200d\u2640\ufe0f\ud83c\udfc3\u200d\u2642\ufe0f\ud83c\udfc3\u200d\u2640\ufe0f\ud83c\udfc3\u200d\u2642\ufe0f\ud83c\udfc3\u200d\u2642\ufe0f\ud83c\udfc3\u200d\u2640\ufe0f\ud83c\udfc3\u200d\u2640\ufe0f\ud83c\udfc3\u200d\u2642\ufe0f\ud83c\udfc3\u200d\u2640\ufe0f\ud83c\udfc3\u200d\u2642\ufe0f\ud83c\udfc3\u200d\u2640\ufe0f\ud83c\udfc3\u200d\u2640\ufe0f\ud83c\udfc3\u200d\u2642\ufe0f<\/b><\/p>\n<p><b>Korrika badator\u2026!<\/b><\/p>\n<\/div>\n<\/div>\n<\/div>\n<\/div>\n<div class=\"et_pb_module et_pb_text et_pb_text_2  et_pb_text_align_justified et_pb_bg_layout_light\">\n<div class=\"et_pb_text_inner\">\n<div class=\"et_pb_module et_pb_text et_pb_text_6  et_pb_text_align_justified et_pb_bg_layout_light\">\n<div class=\"et_pb_text_inner\">\n<div class=\"et_pb_module et_pb_text et_pb_text_1  et_pb_text_align_justified et_pb_bg_layout_light\">\n<div class=\"et_pb_text_inner\">\u00a0<\/div>\n<\/div>\n<div class=\"et_pb_module et_pb_text et_pb_text_4  et_pb_text_align_justified et_pb_bg_layout_light\">\n<div class=\"et_pb_text_inner\">\n<div class=\"et_pb_module et_pb_text et_pb_text_6  et_pb_text_align_justified et_pb_bg_layout_light\">\n<div class=\"et_pb_text_inner\">\n<div class=\"et_pb_module et_pb_text et_pb_text_8  et_pb_text_align_justified et_pb_bg_layout_light\">\n<div class=\"et_pb_text_inner\">\n<div class=\"et_pb_module et_pb_text et_pb_text_10  et_pb_text_align_justified et_pb_bg_layout_light\">\n<div class=\"et_pb_text_inner\">\n<div class=\"et_pb_module et_pb_text et_pb_text_13  et_pb_text_align_justified et_pb_bg_layout_light\">\n<div class=\"et_pb_text_inner\">\n<div class=\"et_pb_with_border et_pb_row et_pb_row_3\">\n<div class=\"et_pb_column et_pb_column_4_4 et_pb_column_4  et_pb_css_mix_blend_mode_passthrough et-last-child\">\n<div class=\"et_pb_module et_pb_text et_pb_text_15  et_pb_text_align_justified et_pb_bg_layout_light\">\n<div class=\"et_pb_text_inner\">\n<h2 style=\"text-align: center;\">\u00a0<\/h2>\n<\/div>\n<\/div>\n<\/div>\n<\/div>\n<\/div>\n<\/div>\n<\/div>\n<\/div>\n<\/div>\n<\/div>\n<\/div>\n<\/div>\n<\/div>\n<\/div>\n<\/div>\n<\/div>\n<\/div>\n<\/div>\n<p>[\/et_pb_text][\/et_pb_column][\/et_pb_row][et_pb_row admin_label=&#8221;M\u00e1s informaci\u00f3n&#8221; _builder_version=&#8221;4.25.2&#8243; _module_preset=&#8221;default&#8221; global_colors_info=&#8221;{}&#8221;][et_pb_column type=&#8221;4_4&#8243; _builder_version=&#8221;4.25.2&#8243; _module_preset=&#8221;default&#8221; global_colors_info=&#8221;{}&#8221;][et_pb_text _builder_version=&#8221;4.25.2&#8243; _module_preset=&#8221;default&#8221; global_colors_info=&#8221;{}&#8221;]<\/p>\n<p class=\"morado\">M\u00e1s informaci\u00f3n:<\/p>\n<p>[\/et_pb_text][et_pb_button button_url=&#8221;https:\/\/orekait.com\/es\/area-recursos-humanos&#8221; button_text=&#8221;M\u00e1s informaci\u00f3n&#8221; module_class=&#8221;entrada-btn&#8221; _builder_version=&#8221;4.25.2&#8243; _module_preset=&#8221;default&#8221; custom_button=&#8221;on&#8221; button_text_color=&#8221;#8156EA&#8221; button_bg_color=&#8221;RGBA(255,255,255,0)&#8221; button_border_color=&#8221;#8156EA&#8221; button_border_radius=&#8221;30px&#8221; button_font=&#8221;Plus Jakarta Sans|600|||||||&#8221; button_icon=&#8221;&#x24;||divi||400&#8243; button_icon_color=&#8221;#8156EA&#8221; button_on_hover=&#8221;off&#8221; hover_enabled=&#8221;0&#8243; global_colors_info=&#8221;{}&#8221; button_text_color__hover_enabled=&#8221;on|desktop&#8221; button_text_color__hover=&#8221;#8156EA&#8221; button_bg_color__hover_enabled=&#8221;on|hover&#8221; button_bg_color__hover=&#8221;#8156EA&#8221; button_bg_enable_color__hover=&#8221;on&#8221; button_icon_color__hover_enabled=&#8221;on|hover&#8221; button_icon_color__hover=&#8221;#ffffff&#8221; url_new_window=&#8221;on&#8221; sticky_enabled=&#8221;0&#8243;][\/et_pb_button][et_pb_divider show_divider=&#8221;off&#8221; _builder_version=&#8221;4.25.2&#8243; _module_preset=&#8221;default&#8221; custom_margin=&#8221;||40px||false|false&#8221; global_colors_info=&#8221;{}&#8221;][\/et_pb_divider][\/et_pb_column][\/et_pb_row][et_pb_row use_custom_gutter=&#8221;on&#8221; admin_label=&#8221;Noticias relacionadas titulo&#8221; module_id=&#8221;fondo-articulos&#8221; _builder_version=&#8221;4.25.2&#8243; _module_preset=&#8221;default&#8221; background_color=&#8221;#f7f7f7&#8243; width=&#8221;100%&#8221; collapsed=&#8221;off&#8221; global_colors_info=&#8221;{}&#8221;][et_pb_column type=&#8221;4_4&#8243; _builder_version=&#8221;4.25.2&#8243; _module_preset=&#8221;default&#8221; global_colors_info=&#8221;{}&#8221;][et_pb_divider show_divider=&#8221;off&#8221; _builder_version=&#8221;4.25.2&#8243; _module_preset=&#8221;default&#8221; background_color=&#8221;RGBA(255,255,255,0)&#8221; custom_margin=&#8221;||40px||false|false&#8221; global_colors_info=&#8221;{}&#8221;][\/et_pb_divider][et_pb_heading title=&#8221;Quizas te pueda interesar&#8221; _builder_version=&#8221;4.25.2&#8243; _module_preset=&#8221;default&#8221; title_level=&#8221;h2&#8243; title_text_align=&#8221;center&#8221; global_colors_info=&#8221;{}&#8221;][\/et_pb_heading][et_pb_divider show_divider=&#8221;off&#8221; _builder_version=&#8221;4.25.2&#8243; _module_preset=&#8221;default&#8221; custom_margin=&#8221;||30px||false|false&#8221; global_colors_info=&#8221;{}&#8221;][\/et_pb_divider][\/et_pb_column][\/et_pb_row][et_pb_row admin_label=&#8221;Noticias relacionadas&#8221; _builder_version=&#8221;4.25.2&#8243; _module_preset=&#8221;default&#8221; width=&#8221;100%&#8221; custom_margin=&#8221;-150px||||false|false&#8221; custom_margin_tablet=&#8221;0px||||false|false&#8221; custom_margin_phone=&#8221;0px||||false|false&#8221; custom_margin_last_edited=&#8221;on|desktop&#8221; global_colors_info=&#8221;{}&#8221;][et_pb_column type=&#8221;4_4&#8243; _builder_version=&#8221;4.25.2&#8243; _module_preset=&#8221;default&#8221; global_colors_info=&#8221;{}&#8221;][et_pb_blog fullwidth=&#8221;off&#8221; posts_number=&#8221;3&#8243; include_categories=&#8221;current&#8221; show_author=&#8221;off&#8221; show_date=&#8221;off&#8221; show_pagination=&#8221;off&#8221; _builder_version=&#8221;4.25.2&#8243; _module_preset=&#8221;default&#8221; global_colors_info=&#8221;{}&#8221;][\/et_pb_blog][\/et_pb_column][\/et_pb_row][\/et_pb_section]<\/p>\n","protected":false},"excerpt":{"rendered":"<p>Desde Amurrio hasta Donosti, del 31 de marzo al 10 de abril. \ud83c\udfc3\u200d\u2640\ufe0f\ud83c\udfc3\u200d\u2642\ufe0f\ud83c\udfc3\u200d\u2640\ufe0f\ud83c\udfc3\u200d\u2640\ufe0f\ud83c\udfc3\u200d\u2642\ufe0f\ud83c\udfc3\u200d\u2640\ufe0f\ud83c\udfc3\u200d\u2642\ufe0f\ud83c\udfc3\u200d\u2642\ufe0f\ud83c\udfc3\u200d\u2640\ufe0f\ud83c\udfc3\u200d\u2640\ufe0f\ud83c\udfc3\u200d\u2642\ufe0f\ud83c\udfc3\u200d\u2640\ufe0f\ud83c\udfc3\u200d\u2642\ufe0f\ud83c\udfc3\u200d\u2640\ufe0f\ud83c\udfc3\u200d\u2640\ufe0f\ud83c\udfc3\u200d\u2642\ufe0f \u00a1Llega la korrika\u2026! Han pasado casi 3 a\u00f1os desde que nos despedimos de la Korrika, leyendo el mensaje secreto del testigo en la propia Vitoria-Gasteiz. Tras este extraordinario par\u00f3n hist\u00f3rico de la Korrika desde 1980, regresa con m\u00e1s fuerza que nunca en [&hellip;]<\/p>\n","protected":false},"author":1,"featured_media":0,"comment_status":"closed","ping_status":"closed","sticky":false,"template":"","format":"standard","meta":{"_et_pb_use_builder":"on","_et_pb_old_content":"Lorem ipsum dolor sit amet consectetur adipiscing elit congue montes, imperdiet taciti erat elementum fermentum sem ante ultrices ridiculus, sagittis sociis egestas quisque ac semper quis odio. Aenean hendrerit ac metus dis nascetur aliquet mollis integer, rutrum vel laoreet posuere proin sagittis luctus est, tempus duis nisl ultrices parturient tempor praesent. Dignissim curabitur nascetur pellentesque augue fringilla pulvinar eros, tempus fames vehicula maecenas cubilia id, rutrum euismod integer ut scelerisque mus.\r\n\r\nVivamus auctor odio aenean rhoncus natoque dictum purus, volutpat pellentesque laoreet ridiculus consequat nisi varius euismod, augue platea convallis curae magnis taciti. Imperdiet nibh curabitur quisque orci consequat aenean pellentesque, cubilia duis senectus felis sed posuere tortor, magnis enim diam a odio sociis. Enim tellus nisl nec molestie augue luctus tempor habitant, nunc dictumst phasellus volutpat sem facilisis taciti, habitasse laoreet at turpis vel fermentum vulputate.","_et_gb_content_width":"","footnotes":""},"categories":[66],"tags":[],"class_list":["post-17499","post","type-post","status-publish","format-standard","hentry","category-corporativo"],"_links":{"self":[{"href":"https:\/\/orekait.com\/es\/wp-json\/wp\/v2\/posts\/17499","targetHints":{"allow":["GET"]}}],"collection":[{"href":"https:\/\/orekait.com\/es\/wp-json\/wp\/v2\/posts"}],"about":[{"href":"https:\/\/orekait.com\/es\/wp-json\/wp\/v2\/types\/post"}],"author":[{"embeddable":true,"href":"https:\/\/orekait.com\/es\/wp-json\/wp\/v2\/users\/1"}],"replies":[{"embeddable":true,"href":"https:\/\/orekait.com\/es\/wp-json\/wp\/v2\/comments?post=17499"}],"version-history":[{"count":2,"href":"https:\/\/orekait.com\/es\/wp-json\/wp\/v2\/posts\/17499\/revisions"}],"predecessor-version":[{"id":21269,"href":"https:\/\/orekait.com\/es\/wp-json\/wp\/v2\/posts\/17499\/revisions\/21269"}],"wp:attachment":[{"href":"https:\/\/orekait.com\/es\/wp-json\/wp\/v2\/media?parent=17499"}],"wp:term":[{"taxonomy":"category","embeddable":true,"href":"https:\/\/orekait.com\/es\/wp-json\/wp\/v2\/categories?post=17499"},{"taxonomy":"post_tag","embeddable":true,"href":"https:\/\/orekait.com\/es\/wp-json\/wp\/v2\/tags?post=17499"}],"curies":[{"name":"wp","href":"https:\/\/api.w.org\/{rel}","templated":true}]}}