{"id":17328,"date":"2022-11-28T08:00:31","date_gmt":"2022-11-28T07:00:31","guid":{"rendered":"http:\/\/192.168.20.3\/?p=17328"},"modified":"2024-12-10T12:14:56","modified_gmt":"2024-12-10T11:14:56","slug":"solucion-sobre-el-impuesto-de-los-envases-de-plastico","status":"publish","type":"post","link":"https:\/\/orekait.com\/es\/solucion-sobre-el-impuesto-de-los-envases-de-plastico\/","title":{"rendered":"Soluci\u00f3n sobre el impuesto de los envases de pl\u00e1stico<br><span class=\"font-300\"><\/span>"},"content":{"rendered":"<p>[et_pb_section fb_built=&#8221;1&#8243; admin_label=&#8221;section&#8221; _builder_version=&#8221;4.25.2&#8243; global_colors_info=&#8221;{}&#8221;][et_pb_row admin_label=&#8221;Imagen principal&#8221; _builder_version=&#8221;4.25.2&#8243; background_size=&#8221;initial&#8221; background_position=&#8221;top_left&#8221; background_repeat=&#8221;repeat&#8221; global_colors_info=&#8221;{}&#8221;][et_pb_column type=&#8221;4_4&#8243; _builder_version=&#8221;4.16&#8243; custom_padding=&#8221;|||&#8221; global_colors_info=&#8221;{}&#8221; custom_padding__hover=&#8221;|||&#8221;][et_pb_image alt=&#8221;cloud-public&#8221; title_text=&#8221;Reclamacio\u0301n-de-facturas-vencidas-en-SAP-FI-1&#8243; admin_label=&#8221;Imagen principal&#8221; module_class=&#8221;post-img&#8221; _builder_version=&#8221;4.25.2&#8243; _module_preset=&#8221;default&#8221; global_colors_info=&#8221;{}&#8221;][\/et_pb_image][\/et_pb_column][\/et_pb_row][et_pb_row admin_label=&#8221;Cuerpo&#8221; _builder_version=&#8221;4.25.2&#8243; _module_preset=&#8221;default&#8221; global_colors_info=&#8221;{}&#8221;][et_pb_column type=&#8221;4_4&#8243; _builder_version=&#8221;4.25.2&#8243; _module_preset=&#8221;default&#8221; global_colors_info=&#8221;{}&#8221;][et_pb_text content_last_edited=&#8221;off|desktop&#8221; admin_label=&#8221;Texto&#8221; _builder_version=&#8221;4.25.2&#8243; header_2_font_size=&#8221;24px&#8221; header_3_font_size=&#8221;20px&#8221; header_4_font_size=&#8221;17px&#8221; background_size=&#8221;initial&#8221; background_position=&#8221;top_left&#8221; background_repeat=&#8221;repeat&#8221; width=&#8221;%22671%22&#8243; height=&#8221;%22251%22&#8243; global_colors_info=&#8221;{}&#8221; content__hover_enabled=&#8221;off|hover&#8221;]<\/p>\n<h2>Un proceso de reflexi\u00f3n con nuestros principales clientes nos ha llevado a desarrollar una soluci\u00f3n m\u00e1s sencilla, flexible y funcional<\/h2>\n<div class=\"et_pb_module et_pb_text et_pb_text_1  et_pb_text_align_justified et_pb_bg_layout_light\">\n<div class=\"et_pb_text_inner\">\n<p>El pasado 9 de abril, amanec\u00edamos con la publicaci\u00f3n de una nueva ley que, tras una compleja tramitaci\u00f3n parlamentaria, sal\u00eda a la luz con el\u00a0<strong>objetivo de fomentar la prevenci\u00f3n de residuos e impulsar la econom\u00eda circular.<\/strong><\/p>\n<p>Esta ley, la Ley 7\/2022 \u2013 de residuos y suelos contaminados (\u201cLRSC\u201d), no s\u00f3lo nos vuelve a recordar que la organizaci\u00f3n industrial y el desarrollo sostenible deben ir de la mano, sino que avanza sobre esa v\u00eda,\u00a0<strong>obligando a tributar a los fabricantes y\/o adquirientes intracomunitarios sobre los envases de pl\u00e1stico no reciclables.<\/strong><\/p>\n<p>Ante la cercan\u00eda de la obligatoriedad de la liquidaci\u00f3n del impuesto, enero de 2023, la duda m\u00e1s frecuente que nos llega de nuestros clientes es si aplica este impuesto a su organizaci\u00f3n. Y cuando confirman sus sospechas, nos plantean la pregunta del mill\u00f3n:<\/p>\n<\/div>\n<\/div>\n<div class=\"et_pb_module et_pb_text et_pb_text_2  et_pb_text_align_justified et_pb_bg_layout_light\">\n<div class=\"et_pb_text_inner\">\n<p><strong>\u00bfTiene SAP una soluci\u00f3n?<\/strong><\/p>\n<p>Y la respuesta es S\u00ed.<\/p>\n<p>La soluci\u00f3n en SAP se recoge en el producto SAP RDP (Responsible Design and Production). Una soluci\u00f3n nativa cloud, sobre SAP BTP (Business Technology Platform), que permite a las empresas seguir el ritmo de las normativas de EPR (Extended Producer Responsability) y los diferentes \u00a0impuestos internacionales sobre el pl\u00e1stico, adem\u00e1s de integrar los principios de circularidad en los procesos empresariales principales y optimizar el dise\u00f1o para un negocio sostenible.<\/p>\n<p><strong>Pero\u2026 \u00bfEs la soluci\u00f3n de SAP lo que m\u00e1s se adec\u00faa a tu modelo de negocio?<\/strong><\/p>\n<p>Nuestra experiencia en clientes cercanos nos lleva a responder que no siempre lo es.<\/p>\n<p>RDP es un potente producto con integraci\u00f3n nativa en las soluciones S\/4HANA, SAP ECC e incluso SAP PLM, que no nace con el \u00fanico fin de calcular este impuesto; muestra de ello, es que la \u00faltima versi\u00f3n no contempla el c\u00e1lculo del impuesto m\u00e1s que para UK y a pesar de tenerlo como objetivo en sus pr\u00f3ximas actualizaciones, el prop\u00f3sito de este producto es claramente otro.<\/p>\n<p>SAP RDP ofrece el suficiente control sobre la vida del producto como para analizar si el realizar cambios en el dise\u00f1o puede reducir los residuos y as\u00ed poder tomar decisiones fiables sobre c\u00f3mo reducir los costes de restos y reciclaje posterior.<\/p>\n<p>Un proceso de reflexi\u00f3n con nuestros principales clientes nos ha llevado a desarrollar una\u00a0<strong>soluci\u00f3n m\u00e1s<\/strong>\u00a0<strong>sencilla, flexible y funcional<\/strong>\u00a0que tiene como\u00a0<strong>objetivo principal: El c\u00e1lculo y liquidaci\u00f3n del impuesto del pl\u00e1stico.<\/strong><\/p>\n<p>Hemos creado un producto que combina su integraci\u00f3n en SAP con la\u00a0<strong>nula repercusi\u00f3n<\/strong>\u00a0en los procesos sobre los que se basa el c\u00e1lculo del impuesto, adapt\u00e1ndose a su vez a toda metodolog\u00eda de negocio y proceso log\u00edstico.<\/p>\n<p>Tratamos la\u00a0<strong>adaptaci\u00f3n a tu organizaci\u00f3n<\/strong>\u00a0o incluso la automatizaci\u00f3n de la presentaci\u00f3n del impuesto, con diferentes paquetes activables acordes a las necesidades de tu empresa y a los requisitos legales b\u00e1sicos a cumplir.<\/p>\n<p>Es por ello que, desde\u00a0<strong>Oreka IT<\/strong>, te invitamos a contactar con nosotros para poder asesorarte sobre tu\u00a0<strong>obligaci\u00f3n fiscal<\/strong>\u00a0y, tras analizar tus procesos,\u00a0<strong>acompa\u00f1arte en este camino hacia la sostenibilidad de manera simple y eficaz.<\/strong><\/p>\n<p><img loading=\"lazy\" decoding=\"async\" class=\"aligncenter wp-image-17322 size-full\" src=\"https:\/\/orekait.com\/wp-content\/uploads\/2022\/11\/orekait-impuesto-plastico.png\" alt=\"\" width=\"1000\" height=\"200\" srcset=\"https:\/\/orekait.com\/wp-content\/uploads\/2022\/11\/orekait-impuesto-plastico.png 1000w, https:\/\/orekait.com\/wp-content\/uploads\/2022\/11\/orekait-impuesto-plastico-980x196.png 980w, https:\/\/orekait.com\/wp-content\/uploads\/2022\/11\/orekait-impuesto-plastico-480x96.png 480w\" sizes=\"auto, (min-width: 0px) and (max-width: 480px) 480px, (min-width: 481px) and (max-width: 980px) 980px, (min-width: 981px) 1000px, 100vw\" \/><\/p>\n<p>&nbsp;<\/p>\n<\/div>\n<\/div>\n<p>[\/et_pb_text][\/et_pb_column][\/et_pb_row][et_pb_row admin_label=&#8221;M\u00e1s informaci\u00f3n&#8221; _builder_version=&#8221;4.25.2&#8243; _module_preset=&#8221;default&#8221; global_colors_info=&#8221;{}&#8221;][et_pb_column type=&#8221;4_4&#8243; _builder_version=&#8221;4.25.2&#8243; _module_preset=&#8221;default&#8221; global_colors_info=&#8221;{}&#8221;][et_pb_text _builder_version=&#8221;4.25.2&#8243; _module_preset=&#8221;default&#8221; global_colors_info=&#8221;{}&#8221;]<\/p>\n<p class=\"morado\">M\u00e1s informaci\u00f3n:<\/p>\n<p>[\/et_pb_text][et_pb_button button_url=&#8221;https:\/\/orekait.com\/es\/area-produccion&#8221; button_text=&#8221;M\u00e1s informaci\u00f3n&#8221; module_class=&#8221;entrada-btn&#8221; _builder_version=&#8221;4.25.2&#8243; _module_preset=&#8221;default&#8221; custom_button=&#8221;on&#8221; button_text_color=&#8221;#8156EA&#8221; button_bg_color=&#8221;RGBA(255,255,255,0)&#8221; button_border_color=&#8221;#8156EA&#8221; button_border_radius=&#8221;30px&#8221; button_font=&#8221;Plus Jakarta Sans|600|||||||&#8221; button_icon=&#8221;&#x24;||divi||400&#8243; button_icon_color=&#8221;#8156EA&#8221; button_on_hover=&#8221;off&#8221; hover_enabled=&#8221;0&#8243; global_colors_info=&#8221;{}&#8221; button_text_color__hover_enabled=&#8221;on|desktop&#8221; button_text_color__hover=&#8221;#8156EA&#8221; button_bg_color__hover_enabled=&#8221;on|hover&#8221; button_bg_color__hover=&#8221;#8156EA&#8221; button_bg_enable_color__hover=&#8221;on&#8221; button_icon_color__hover_enabled=&#8221;on|hover&#8221; button_icon_color__hover=&#8221;#ffffff&#8221; url_new_window=&#8221;on&#8221; sticky_enabled=&#8221;0&#8243;][\/et_pb_button][et_pb_divider show_divider=&#8221;off&#8221; _builder_version=&#8221;4.25.2&#8243; _module_preset=&#8221;default&#8221; custom_margin=&#8221;||40px||false|false&#8221; global_colors_info=&#8221;{}&#8221;][\/et_pb_divider][\/et_pb_column][\/et_pb_row][et_pb_row use_custom_gutter=&#8221;on&#8221; admin_label=&#8221;Noticias relacionadas titulo&#8221; module_id=&#8221;fondo-articulos&#8221; _builder_version=&#8221;4.25.2&#8243; _module_preset=&#8221;default&#8221; background_color=&#8221;#f7f7f7&#8243; width=&#8221;100%&#8221; collapsed=&#8221;off&#8221; global_colors_info=&#8221;{}&#8221;][et_pb_column type=&#8221;4_4&#8243; _builder_version=&#8221;4.25.2&#8243; _module_preset=&#8221;default&#8221; global_colors_info=&#8221;{}&#8221;][et_pb_divider show_divider=&#8221;off&#8221; _builder_version=&#8221;4.25.2&#8243; _module_preset=&#8221;default&#8221; background_color=&#8221;RGBA(255,255,255,0)&#8221; custom_margin=&#8221;||40px||false|false&#8221; global_colors_info=&#8221;{}&#8221;][\/et_pb_divider][et_pb_heading title=&#8221;Quizas te pueda interesar&#8221; _builder_version=&#8221;4.25.2&#8243; _module_preset=&#8221;default&#8221; title_level=&#8221;h2&#8243; title_text_align=&#8221;center&#8221; global_colors_info=&#8221;{}&#8221;][\/et_pb_heading][et_pb_divider show_divider=&#8221;off&#8221; _builder_version=&#8221;4.25.2&#8243; _module_preset=&#8221;default&#8221; custom_margin=&#8221;||30px||false|false&#8221; global_colors_info=&#8221;{}&#8221;][\/et_pb_divider][\/et_pb_column][\/et_pb_row][et_pb_row admin_label=&#8221;Noticias relacionadas&#8221; _builder_version=&#8221;4.25.2&#8243; _module_preset=&#8221;default&#8221; width=&#8221;100%&#8221; custom_margin=&#8221;-150px||||false|false&#8221; custom_margin_tablet=&#8221;0px||||false|false&#8221; custom_margin_phone=&#8221;0px||||false|false&#8221; custom_margin_last_edited=&#8221;on|desktop&#8221; global_colors_info=&#8221;{}&#8221;][et_pb_column type=&#8221;4_4&#8243; _builder_version=&#8221;4.25.2&#8243; _module_preset=&#8221;default&#8221; global_colors_info=&#8221;{}&#8221;][et_pb_blog fullwidth=&#8221;off&#8221; posts_number=&#8221;3&#8243; include_categories=&#8221;current&#8221; show_author=&#8221;off&#8221; show_date=&#8221;off&#8221; show_pagination=&#8221;off&#8221; _builder_version=&#8221;4.25.2&#8243; _module_preset=&#8221;default&#8221; global_colors_info=&#8221;{}&#8221;][\/et_pb_blog][\/et_pb_column][\/et_pb_row][\/et_pb_section]<\/p>\n","protected":false},"excerpt":{"rendered":"<p>Un proceso de reflexi\u00f3n con nuestros principales clientes nos ha llevado a desarrollar una soluci\u00f3n m\u00e1s sencilla, flexible y funcional El pasado 9 de abril, amanec\u00edamos con la publicaci\u00f3n de una nueva ley que, tras una compleja tramitaci\u00f3n parlamentaria, sal\u00eda a la luz con el\u00a0objetivo de fomentar la prevenci\u00f3n de residuos e impulsar la econom\u00eda [&hellip;]<\/p>\n","protected":false},"author":1,"featured_media":0,"comment_status":"closed","ping_status":"closed","sticky":false,"template":"","format":"standard","meta":{"_et_pb_use_builder":"on","_et_pb_old_content":"Lorem ipsum dolor sit amet consectetur adipiscing elit congue montes, imperdiet taciti erat elementum fermentum sem ante ultrices ridiculus, sagittis sociis egestas quisque ac semper quis odio. Aenean hendrerit ac metus dis nascetur aliquet mollis integer, rutrum vel laoreet posuere proin sagittis luctus est, tempus duis nisl ultrices parturient tempor praesent. Dignissim curabitur nascetur pellentesque augue fringilla pulvinar eros, tempus fames vehicula maecenas cubilia id, rutrum euismod integer ut scelerisque mus.\r\n\r\nVivamus auctor odio aenean rhoncus natoque dictum purus, volutpat pellentesque laoreet ridiculus consequat nisi varius euismod, augue platea convallis curae magnis taciti. Imperdiet nibh curabitur quisque orci consequat aenean pellentesque, cubilia duis senectus felis sed posuere tortor, magnis enim diam a odio sociis. Enim tellus nisl nec molestie augue luctus tempor habitant, nunc dictumst phasellus volutpat sem facilisis taciti, habitasse laoreet at turpis vel fermentum vulputate.","_et_gb_content_width":"","footnotes":""},"categories":[29,28],"tags":[],"class_list":["post-17328","post","type-post","status-publish","format-standard","hentry","category-sap-lo","category-logistica"],"_links":{"self":[{"href":"https:\/\/orekait.com\/es\/wp-json\/wp\/v2\/posts\/17328","targetHints":{"allow":["GET"]}}],"collection":[{"href":"https:\/\/orekait.com\/es\/wp-json\/wp\/v2\/posts"}],"about":[{"href":"https:\/\/orekait.com\/es\/wp-json\/wp\/v2\/types\/post"}],"author":[{"embeddable":true,"href":"https:\/\/orekait.com\/es\/wp-json\/wp\/v2\/users\/1"}],"replies":[{"embeddable":true,"href":"https:\/\/orekait.com\/es\/wp-json\/wp\/v2\/comments?post=17328"}],"version-history":[{"count":1,"href":"https:\/\/orekait.com\/es\/wp-json\/wp\/v2\/posts\/17328\/revisions"}],"predecessor-version":[{"id":21124,"href":"https:\/\/orekait.com\/es\/wp-json\/wp\/v2\/posts\/17328\/revisions\/21124"}],"wp:attachment":[{"href":"https:\/\/orekait.com\/es\/wp-json\/wp\/v2\/media?parent=17328"}],"wp:term":[{"taxonomy":"category","embeddable":true,"href":"https:\/\/orekait.com\/es\/wp-json\/wp\/v2\/categories?post=17328"},{"taxonomy":"post_tag","embeddable":true,"href":"https:\/\/orekait.com\/es\/wp-json\/wp\/v2\/tags?post=17328"}],"curies":[{"name":"wp","href":"https:\/\/api.w.org\/{rel}","templated":true}]}}