{"id":17278,"date":"2022-05-16T08:00:31","date_gmt":"2022-05-16T06:00:31","guid":{"rendered":"http:\/\/192.168.20.3\/?p=17278"},"modified":"2024-12-10T14:19:06","modified_gmt":"2024-12-10T13:19:06","slug":"ekin-responsabilidad-social-corporativa-de-oreka-it","status":"publish","type":"post","link":"https:\/\/orekait.com\/es\/ekin-responsabilidad-social-corporativa-de-oreka-it\/","title":{"rendered":"EKIN, trabajando por la responsabilidad social corporativa de Oreka IT<br><span class=\"font-300\"><\/span>"},"content":{"rendered":"<p>[et_pb_section fb_built=&#8221;1&#8243; admin_label=&#8221;section&#8221; _builder_version=&#8221;4.25.2&#8243; global_colors_info=&#8221;{}&#8221;][et_pb_row admin_label=&#8221;Imagen principal&#8221; _builder_version=&#8221;4.25.2&#8243; background_size=&#8221;initial&#8221; background_position=&#8221;top_left&#8221; background_repeat=&#8221;repeat&#8221; global_colors_info=&#8221;{}&#8221;][et_pb_column type=&#8221;4_4&#8243; _builder_version=&#8221;4.16&#8243; custom_padding=&#8221;|||&#8221; global_colors_info=&#8221;{}&#8221; custom_padding__hover=&#8221;|||&#8221;][et_pb_image alt=&#8221;cloud-public&#8221; title_text=&#8221;Reclamacio\u0301n-de-facturas-vencidas-en-SAP-FI-1&#8243; admin_label=&#8221;Imagen principal&#8221; module_class=&#8221;post-img&#8221; _builder_version=&#8221;4.25.2&#8243; _module_preset=&#8221;default&#8221; global_colors_info=&#8221;{}&#8221;][\/et_pb_image][\/et_pb_column][\/et_pb_row][et_pb_row admin_label=&#8221;Cuerpo&#8221; _builder_version=&#8221;4.25.2&#8243; _module_preset=&#8221;default&#8221; global_colors_info=&#8221;{}&#8221;][et_pb_column type=&#8221;4_4&#8243; _builder_version=&#8221;4.25.2&#8243; _module_preset=&#8221;default&#8221; global_colors_info=&#8221;{}&#8221;][et_pb_text content_last_edited=&#8221;off|desktop&#8221; admin_label=&#8221;Texto&#8221; _builder_version=&#8221;4.25.2&#8243; header_2_font_size=&#8221;24px&#8221; header_3_font_size=&#8221;20px&#8221; header_4_font_size=&#8221;17px&#8221; background_size=&#8221;initial&#8221; background_position=&#8221;top_left&#8221; background_repeat=&#8221;repeat&#8221; width=&#8221;%22671%22&#8243; height=&#8221;%22251%22&#8243; global_colors_info=&#8221;{}&#8221; content__hover_enabled=&#8221;off|hover&#8221;]<\/p>\n<h4>Hoy en d\u00eda la Responsabilidad Social Corporativa es uno de los aspectos m\u00e1s importantes para las empresas.<\/h4>\n<div class=\"et_pb_module et_pb_text et_pb_text_2  et_pb_text_align_justified et_pb_bg_layout_light\">\n<div class=\"et_pb_text_inner\">\n<div class=\"et_pb_module et_pb_text et_pb_text_6  et_pb_text_align_justified et_pb_bg_layout_light\">\n<div class=\"et_pb_text_inner\">\n<div class=\"et_pb_module et_pb_text et_pb_text_1  et_pb_text_align_justified et_pb_bg_layout_light\">\n<div class=\"et_pb_text_inner\">\n<p><strong>Si bien ya exist\u00eda una sensibilidad hacia aspectos sociales como la sostenibilidad, la igualdad y la responsabilidad por el medio ambiente, no exist\u00eda ning\u00fan plan de acci\u00f3n espec\u00edfico para trabajar estos aspectos.<\/strong><\/p>\n<p><img loading=\"lazy\" decoding=\"async\" class=\"aligncenter wp-image-17406 \" src=\"https:\/\/orekait.com\/wp-content\/uploads\/2022\/05\/Logo-EKIN-1.png\" alt=\"\" width=\"436\" height=\"125\" \/><\/p>\n<\/div>\n<\/div>\n<div class=\"et_pb_module et_pb_text et_pb_text_2  et_pb_text_align_justified et_pb_bg_layout_light\">\n<div class=\"et_pb_text_inner\">\n<p>EKIN naci\u00f3 en el a\u00f1o 2020 con la necesidad de\u00a0 trabajar la\u00a0<strong>Responsabilidad Social Corporativa (RSC) de Oreka IT y mejorar sus aspectos clave.<\/strong><\/p>\n<p>Tras 2 a\u00f1os de acci\u00f3n, y a pesar de las complicaciones causadas por la pandemia, Ekin\u00a0<strong>ha llevado a cabo diferentes iniciativas<\/strong>\u00a0para aportar un granito de arena en la evoluci\u00f3n hacia un mundo m\u00e1s sostenible.<\/p>\n<p>Entre muchas otras cosas,<strong>\u00a0se facilitan recursos para lograr promover h\u00e1bitos sostenibles<\/strong>\u00a0como el Kit antipl\u00e1stico, la gu\u00eda de buenas pr\u00e1cticas, Ciclogreen, la donaci\u00f3n de equipos inform\u00e1ticos o el reciclaje.<\/p>\n<\/div>\n<\/div>\n<div class=\"et_pb_module et_pb_text et_pb_text_3  et_pb_text_align_justified et_pb_bg_layout_light\">\n<div class=\"et_pb_text_inner\">\n<h3><b>El kit antipl\u00e1stico<\/b><\/h3>\n<\/div>\n<\/div>\n<div class=\"et_pb_module et_pb_text et_pb_text_4  et_pb_text_align_justified et_pb_bg_layout_light\">\n<div class=\"et_pb_text_inner\">\n<p>Este Kit se le obsequia a los trabajadores y trabajadoras en su primer d\u00eda. En \u00e9l se puede encontrar 1 taza para evitar utilizar los vasos de pl\u00e1stico de la m\u00e1quina de caf\u00e9, 1 botella de cristal para no utilizar las botellas de pl\u00e1stico y una totebag (bolsa de tela reutilizable).<\/p>\n<p><img loading=\"lazy\" decoding=\"async\" class=\"aligncenter wp-image-17415 \" src=\"https:\/\/orekait.com\/wp-content\/uploads\/2022\/05\/kit-antiplastico.png\" alt=\"\" width=\"269\" height=\"330\" \/><\/p>\n<\/div>\n<\/div>\n<div class=\"et_pb_module et_pb_text et_pb_text_1  et_pb_text_align_justified et_pb_bg_layout_light\">\n<div class=\"et_pb_text_inner\">\u00a0<\/div>\n<\/div>\n<div class=\"et_pb_module et_pb_text et_pb_text_4  et_pb_text_align_justified et_pb_bg_layout_light\">\n<div class=\"et_pb_text_inner\">\n<div class=\"et_pb_module et_pb_text et_pb_text_5  et_pb_text_align_justified et_pb_bg_layout_light\">\n<div class=\"et_pb_text_inner\">\n<h3><b>La gu\u00eda de buenas pr\u00e1cticas<\/b><\/h3>\n<h3><span style=\"color: #666666; font-size: 14px;\">Gracias a esta gu\u00eda se toman medidas para evitar el desperdicio energ\u00e9tico, como mantener las ventanas cerradas cuando el aire acondicionado este encendido, compartir los documentos como enlaces en vez de como archivos adjuntos, apagar los enchufes al no utilizarlos, utilizar las tazas del Kit antipl\u00e1stico\u2026etc.<\/span><\/h3>\n<\/div>\n<\/div>\n<div class=\"et_pb_module et_pb_text et_pb_text_6  et_pb_text_align_justified et_pb_bg_layout_light\">\n<div class=\"et_pb_text_inner\">\n<p>&nbsp;<\/p>\n<div class=\"et_pb_module et_pb_text et_pb_text_7 et_clickable  et_pb_text_align_justified et_pb_bg_layout_light\">\n<div class=\"et_pb_text_inner\">\n<h3><strong>Ciclogreen<\/strong><\/h3>\n<p><span style=\"color: #666666; font-size: 14px;\">Se trata de una aplicaci\u00f3n vigente, desde mayo del 2022, con la que se fomenta el<\/span><strong style=\"color: #666666; font-size: 14px;\">\u00a0uso del medio de transporte sostenible.<\/strong><span style=\"color: #666666; font-size: 14px;\">\u00a0Por cada kil\u00f3metro realizado con los medios de transporte que aparecen en la lista de la aplicaci\u00f3n (bicicleta, coches compartidos, patinetes el\u00e9ctricos, transporte publico\u2026)\u00a0<\/span><strong style=\"color: #666666; font-size: 14px;\">se acumulan puntos canjeables por premios, reduciendo asi<\/strong><strong style=\"color: #666666; font-size: 14px;\">\u00a0la huella de carbono<\/strong><span style=\"color: #666666; font-size: 14px;\">\u00a0producida durante el itinerario al trabajo.<\/span><\/p>\n<\/div>\n<\/div>\n<div class=\"et_pb_module et_pb_text et_pb_text_8  et_pb_text_align_justified et_pb_bg_layout_light\">\n<div class=\"et_pb_text_inner\">\n<p>&nbsp;<\/p>\n<div class=\"et_pb_module et_pb_text et_pb_text_9 et_clickable  et_pb_text_align_justified et_pb_bg_layout_light\">\n<div class=\"et_pb_text_inner\">\n<h3><strong>Donaci\u00f3n de equipos inform\u00e1ticos<\/strong><\/h3>\n<\/div>\n<\/div>\n<div class=\"et_pb_module et_pb_text et_pb_text_10  et_pb_text_align_justified et_pb_bg_layout_light\">\n<div class=\"et_pb_text_inner\">\n<p>Esta iniciativa propia de Oreka IT,\u00a0<strong>trata de darle una segunda vida a los equipos inform\u00e1ticos que ya no se usan en la organizaci\u00f3n.<\/strong>\u00a0Los equipos que ya no se utilizan se reparten entre las\u00a0<strong>entidades<\/strong><strong>\u00a0sin \u00e1nimo de lucro, con fines sociales o ONGs<\/strong>\u00a0que completen el formulario.<\/p>\n<p><img loading=\"lazy\" decoding=\"async\" class=\"wp-image-17423 size-medium aligncenter\" src=\"https:\/\/orekait.com\/wp-content\/uploads\/2022\/05\/portada-donacion-equipos-informaticos-1-300x169.png\" alt=\"\" width=\"300\" height=\"169\" \/><\/p>\n<div class=\"et_pb_module et_pb_text et_pb_text_11  et_pb_text_align_justified et_pb_bg_layout_light\">\n<div class=\"et_pb_text_inner\">\n<h3><strong>El reciclaje<\/strong><\/h3>\n<\/div>\n<\/div>\n<div class=\"et_pb_module et_pb_text et_pb_text_12  et_pb_text_align_justified et_pb_bg_layout_light\">\n<div class=\"et_pb_text_inner\">\n<p>Adem\u00e1s, desde que este grupo existe<strong>\u00a0se han facilitado cubos, carteles y dem\u00e1s material<\/strong>\u00a0para reciclar en las tres oficinas de Oreka IT,\u00a0<strong>haciendo esfuerzos pioneros por llevar a cabo esta actividad.<\/strong><\/p>\n<\/div>\n<\/div>\n<div class=\"et_pb_module et_pb_text et_pb_text_13  et_pb_text_align_justified et_pb_bg_layout_light\">\n<div class=\"et_pb_text_inner\">\n<p>Por ejemplo, en la oficina de Gasteiz no se encuentran cubos de reciclaje cerca de las oficinas, por lo que queda en manos del encargado de all\u00ed reciclar nuestros desechos en los cubos apropiados en su trayecto de vuelta a casa.<\/p>\n<div class=\"et_pb_row et_pb_row_2\">\n<div class=\"et_pb_column et_pb_column_4_4 et_pb_column_3  et_pb_css_mix_blend_mode_passthrough et-last-child\">\n<div class=\"et_pb_module et_pb_text et_pb_text_14  et_pb_text_align_justified et_pb_bg_layout_light\">\n<div class=\"et_pb_text_inner\">\n<p>Con los esfuerzos de Ekin,\u00a0<strong>se est\u00e1 logrando reducir la huella ecol\u00f3gica que genera Oreka IT, abordando concienciaci\u00f3n entre los miembros del equipo en materias de sostenibilidad y medio ambiente.<\/strong>\u00a0Tambi\u00e9n se colabora con distintos grupos sociales para ayudar con problem\u00e1ticas espec\u00edficas.<\/p>\n<p><strong>Ekin mejora la comunicaci\u00f3n, condiciones y relaciones<\/strong>\u00a0no solo con clientes, proveedores o sociedad en general, sino tambi\u00e9n con las personas que forman parte de la organizaci\u00f3n.<\/p>\n<\/div>\n<\/div>\n<\/div>\n<\/div>\n<div class=\"et_pb_with_border et_pb_row et_pb_row_3\">\n<div class=\"et_pb_column et_pb_column_4_4 et_pb_column_4  et_pb_css_mix_blend_mode_passthrough et-last-child\">\n<div class=\"et_pb_module et_pb_text et_pb_text_15  et_pb_text_align_justified et_pb_bg_layout_light\">\n<div class=\"et_pb_text_inner\">\n<h2 style=\"text-align: center;\">En Oreka IT seguimos innovando y mejorando gracias a nuestros equipos internos.<\/h2>\n<\/div>\n<\/div>\n<\/div>\n<\/div>\n<\/div>\n<\/div>\n<\/div>\n<\/div>\n<\/div>\n<\/div>\n<\/div>\n<\/div>\n<\/div>\n<\/div>\n<\/div>\n<\/div>\n<\/div>\n<\/div>\n<p>[\/et_pb_text][\/et_pb_column][\/et_pb_row][et_pb_row admin_label=&#8221;M\u00e1s informaci\u00f3n&#8221; _builder_version=&#8221;4.25.2&#8243; _module_preset=&#8221;default&#8221; global_colors_info=&#8221;{}&#8221;][et_pb_column type=&#8221;4_4&#8243; _builder_version=&#8221;4.25.2&#8243; _module_preset=&#8221;default&#8221; global_colors_info=&#8221;{}&#8221;][et_pb_text _builder_version=&#8221;4.25.2&#8243; _module_preset=&#8221;default&#8221; global_colors_info=&#8221;{}&#8221;]<\/p>\n<p class=\"morado\">M\u00e1s informaci\u00f3n:<\/p>\n<p>[\/et_pb_text][et_pb_button button_url=&#8221;https:\/\/orekait.com\/es\/area-recursos-humanos&#8221; url_new_window=&#8221;on&#8221; button_text=&#8221;M\u00e1s informaci\u00f3n&#8221; module_class=&#8221;entrada-btn&#8221; _builder_version=&#8221;4.25.2&#8243; _module_preset=&#8221;default&#8221; custom_button=&#8221;on&#8221; button_text_color=&#8221;#8156EA&#8221; button_bg_color=&#8221;RGBA(255,255,255,0)&#8221; button_border_color=&#8221;#8156EA&#8221; button_border_radius=&#8221;30px&#8221; button_font=&#8221;Plus Jakarta Sans|600|||||||&#8221; button_icon=&#8221;&#x24;||divi||400&#8243; button_icon_color=&#8221;#8156EA&#8221; button_on_hover=&#8221;off&#8221; global_colors_info=&#8221;{}&#8221; button_text_color__hover_enabled=&#8221;on|desktop&#8221; button_text_color__hover=&#8221;#8156EA&#8221; button_bg_color__hover_enabled=&#8221;on|hover&#8221; button_bg_color__hover=&#8221;#8156EA&#8221; button_bg_enable_color__hover=&#8221;on&#8221; button_icon_color__hover_enabled=&#8221;on|hover&#8221; button_icon_color__hover=&#8221;#ffffff&#8221;][\/et_pb_button][et_pb_divider show_divider=&#8221;off&#8221; _builder_version=&#8221;4.25.2&#8243; _module_preset=&#8221;default&#8221; custom_margin=&#8221;||40px||false|false&#8221; global_colors_info=&#8221;{}&#8221;][\/et_pb_divider][\/et_pb_column][\/et_pb_row][et_pb_row use_custom_gutter=&#8221;on&#8221; admin_label=&#8221;Noticias relacionadas titulo&#8221; module_id=&#8221;fondo-articulos&#8221; _builder_version=&#8221;4.25.2&#8243; _module_preset=&#8221;default&#8221; background_color=&#8221;#f7f7f7&#8243; width=&#8221;100%&#8221; collapsed=&#8221;off&#8221; global_colors_info=&#8221;{}&#8221;][et_pb_column type=&#8221;4_4&#8243; _builder_version=&#8221;4.25.2&#8243; _module_preset=&#8221;default&#8221; global_colors_info=&#8221;{}&#8221;][et_pb_divider show_divider=&#8221;off&#8221; _builder_version=&#8221;4.25.2&#8243; _module_preset=&#8221;default&#8221; background_color=&#8221;RGBA(255,255,255,0)&#8221; custom_margin=&#8221;||40px||false|false&#8221; global_colors_info=&#8221;{}&#8221;][\/et_pb_divider][et_pb_heading title=&#8221;Quizas te pueda interesar&#8221; _builder_version=&#8221;4.25.2&#8243; _module_preset=&#8221;default&#8221; title_level=&#8221;h2&#8243; title_text_align=&#8221;center&#8221; global_colors_info=&#8221;{}&#8221;][\/et_pb_heading][et_pb_divider show_divider=&#8221;off&#8221; _builder_version=&#8221;4.25.2&#8243; _module_preset=&#8221;default&#8221; custom_margin=&#8221;||30px||false|false&#8221; global_colors_info=&#8221;{}&#8221;][\/et_pb_divider][\/et_pb_column][\/et_pb_row][et_pb_row admin_label=&#8221;Noticias relacionadas&#8221; _builder_version=&#8221;4.25.2&#8243; _module_preset=&#8221;default&#8221; width=&#8221;100%&#8221; custom_margin=&#8221;-150px||||false|false&#8221; custom_margin_tablet=&#8221;0px||||false|false&#8221; custom_margin_phone=&#8221;0px||||false|false&#8221; custom_margin_last_edited=&#8221;on|desktop&#8221; global_colors_info=&#8221;{}&#8221;][et_pb_column type=&#8221;4_4&#8243; _builder_version=&#8221;4.25.2&#8243; _module_preset=&#8221;default&#8221; global_colors_info=&#8221;{}&#8221;][et_pb_blog fullwidth=&#8221;off&#8221; posts_number=&#8221;3&#8243; include_categories=&#8221;current&#8221; show_author=&#8221;off&#8221; show_date=&#8221;off&#8221; show_pagination=&#8221;off&#8221; _builder_version=&#8221;4.25.2&#8243; _module_preset=&#8221;default&#8221; global_colors_info=&#8221;{}&#8221;][\/et_pb_blog][\/et_pb_column][\/et_pb_row][\/et_pb_section]<\/p>\n","protected":false},"excerpt":{"rendered":"<p>Hoy en d\u00eda la Responsabilidad Social Corporativa es uno de los aspectos m\u00e1s importantes para las empresas. Si bien ya exist\u00eda una sensibilidad hacia aspectos sociales como la sostenibilidad, la igualdad y la responsabilidad por el medio ambiente, no exist\u00eda ning\u00fan plan de acci\u00f3n espec\u00edfico para trabajar estos aspectos. EKIN naci\u00f3 en el a\u00f1o 2020 [&hellip;]<\/p>\n","protected":false},"author":3,"featured_media":0,"comment_status":"closed","ping_status":"closed","sticky":false,"template":"","format":"standard","meta":{"_et_pb_use_builder":"on","_et_pb_old_content":"Lorem ipsum dolor sit amet consectetur adipiscing elit congue montes, imperdiet taciti erat elementum fermentum sem ante ultrices ridiculus, sagittis sociis egestas quisque ac semper quis odio. Aenean hendrerit ac metus dis nascetur aliquet mollis integer, rutrum vel laoreet posuere proin sagittis luctus est, tempus duis nisl ultrices parturient tempor praesent. Dignissim curabitur nascetur pellentesque augue fringilla pulvinar eros, tempus fames vehicula maecenas cubilia id, rutrum euismod integer ut scelerisque mus.\r\n\r\nVivamus auctor odio aenean rhoncus natoque dictum purus, volutpat pellentesque laoreet ridiculus consequat nisi varius euismod, augue platea convallis curae magnis taciti. Imperdiet nibh curabitur quisque orci consequat aenean pellentesque, cubilia duis senectus felis sed posuere tortor, magnis enim diam a odio sociis. Enim tellus nisl nec molestie augue luctus tempor habitant, nunc dictumst phasellus volutpat sem facilisis taciti, habitasse laoreet at turpis vel fermentum vulputate.","_et_gb_content_width":"","footnotes":""},"categories":[66],"tags":[],"class_list":["post-17278","post","type-post","status-publish","format-standard","hentry","category-corporativo"],"_links":{"self":[{"href":"https:\/\/orekait.com\/es\/wp-json\/wp\/v2\/posts\/17278","targetHints":{"allow":["GET"]}}],"collection":[{"href":"https:\/\/orekait.com\/es\/wp-json\/wp\/v2\/posts"}],"about":[{"href":"https:\/\/orekait.com\/es\/wp-json\/wp\/v2\/types\/post"}],"author":[{"embeddable":true,"href":"https:\/\/orekait.com\/es\/wp-json\/wp\/v2\/users\/3"}],"replies":[{"embeddable":true,"href":"https:\/\/orekait.com\/es\/wp-json\/wp\/v2\/comments?post=17278"}],"version-history":[{"count":29,"href":"https:\/\/orekait.com\/es\/wp-json\/wp\/v2\/posts\/17278\/revisions"}],"predecessor-version":[{"id":21230,"href":"https:\/\/orekait.com\/es\/wp-json\/wp\/v2\/posts\/17278\/revisions\/21230"}],"wp:attachment":[{"href":"https:\/\/orekait.com\/es\/wp-json\/wp\/v2\/media?parent=17278"}],"wp:term":[{"taxonomy":"category","embeddable":true,"href":"https:\/\/orekait.com\/es\/wp-json\/wp\/v2\/categories?post=17278"},{"taxonomy":"post_tag","embeddable":true,"href":"https:\/\/orekait.com\/es\/wp-json\/wp\/v2\/tags?post=17278"}],"curies":[{"name":"wp","href":"https:\/\/api.w.org\/{rel}","templated":true}]}}