{"id":15971,"date":"2017-07-18T08:00:31","date_gmt":"2017-07-18T06:00:31","guid":{"rendered":"http:\/\/192.168.20.3\/?p=15971"},"modified":"2024-12-12T14:42:59","modified_gmt":"2024-12-12T13:42:59","slug":"sap-hcm-gestion-de-empleados-globales-mge","status":"publish","type":"post","link":"https:\/\/orekait.com\/es\/sap-hcm-gestion-de-empleados-globales-mge\/","title":{"rendered":"SAP HCM: <br><span class=\"font-300\">Gesti\u00f3n de empleados globales (MGE)<\/span>"},"content":{"rendered":"<p>[et_pb_section fb_built=&#8221;1&#8243; admin_label=&#8221;section&#8221; _builder_version=&#8221;4.25.2&#8243; global_colors_info=&#8221;{}&#8221;][et_pb_row admin_label=&#8221;Imagen principal&#8221; _builder_version=&#8221;4.25.2&#8243; background_size=&#8221;initial&#8221; background_position=&#8221;top_left&#8221; background_repeat=&#8221;repeat&#8221; global_colors_info=&#8221;{}&#8221;][et_pb_column type=&#8221;4_4&#8243; _builder_version=&#8221;4.16&#8243; custom_padding=&#8221;|||&#8221; global_colors_info=&#8221;{}&#8221; custom_padding__hover=&#8221;|||&#8221;][et_pb_image alt=&#8221;cloud-public&#8221; title_text=&#8221;Reclamacio\u0301n-de-facturas-vencidas-en-SAP-FI-1&#8243; admin_label=&#8221;Imagen principal&#8221; module_class=&#8221;post-img&#8221; _builder_version=&#8221;4.25.2&#8243; _module_preset=&#8221;default&#8221; global_colors_info=&#8221;{}&#8221;][\/et_pb_image][\/et_pb_column][\/et_pb_row][et_pb_row admin_label=&#8221;Cuerpo&#8221; _builder_version=&#8221;4.25.2&#8243; _module_preset=&#8221;default&#8221; global_colors_info=&#8221;{}&#8221;][et_pb_column type=&#8221;4_4&#8243; _builder_version=&#8221;4.25.2&#8243; _module_preset=&#8221;default&#8221; global_colors_info=&#8221;{}&#8221;][et_pb_text content_last_edited=&#8221;off|desktop&#8221; admin_label=&#8221;Texto&#8221; _builder_version=&#8221;4.25.2&#8243; header_2_font_size=&#8221;24px&#8221; header_3_font_size=&#8221;20px&#8221; header_4_font_size=&#8221;17px&#8221; background_size=&#8221;initial&#8221; background_position=&#8221;top_left&#8221; background_repeat=&#8221;repeat&#8221; width=&#8221;%22671%22&#8243; height=&#8221;%22251%22&#8243; global_colors_info=&#8221;{}&#8221; content__hover_enabled=&#8221;off|hover&#8221;]<\/p>\n<div class=\"entry-content\">\n<p>La funcionalidad\u00a0<strong>Gesti\u00f3n de Empleados Globales del m\u00f3dulo SAP HCM<\/strong>\u00a0(Management of Global Employees) es una herramienta \u00fatil para empresas con presencia en varios pa\u00edses y que tengan empleados expatriados.<\/p>\n<p>MGE permite hacer el\u00a0<strong>seguimiento de un empleado global<\/strong>\u00a0(aquel que tiene m\u00e1s de una asignaci\u00f3n en diferentes pa\u00edses) en sus diferentes asignaciones internacionales, a trav\u00e9s de un identificador \u00fanico que agrupa todas las asignaciones.<\/p>\n<p>En este art\u00edculo se van a presentar los infotipos relacionados con Management of Global Employees (MGE).<\/p>\n<p>&nbsp;<\/p>\n<p>Para trabajar con empleados globales el primer paso ser\u00e1 activar la funcionalidad \u00ab<strong>Gesti\u00f3n empleado global<\/strong>\u00bb en la vista T77S0:<\/p>\n<p><img loading=\"lazy\" decoding=\"async\" class=\"aligncenter wp-image-15976 size-full\" src=\"https:\/\/orekait.com\/wp-content\/uploads\/2017\/07\/sap-hcm-gestion-de-empleados-globales-activar-1.png\" alt=\"\" width=\"569\" height=\"40\" srcset=\"https:\/\/orekait.com\/wp-content\/uploads\/2017\/07\/sap-hcm-gestion-de-empleados-globales-activar-1.png 569w, https:\/\/orekait.com\/wp-content\/uploads\/2017\/07\/sap-hcm-gestion-de-empleados-globales-activar-1-480x34.png 480w\" sizes=\"auto, (min-width: 0px) and (max-width: 480px) 480px, (min-width: 481px) 569px, 100vw\" \/><\/p>\n<p>En cuanto lo activamos, en los datos maestros de personal aparece un nuevo campo \u201cContrato\u201d, el cual contiene todas las asignaciones del empleado.<\/p>\n<p>Mediante este campo, se puede navegar de un n\u00famero de personal a otro de un mismo empleado.<\/p>\n<p><img loading=\"lazy\" decoding=\"async\" class=\"aligncenter wp-image-15980 size-full\" src=\"https:\/\/orekait.com\/wp-content\/uploads\/2017\/07\/sap-hcm-gestion-de-empleados-globales-activar-2.png\" alt=\"\" width=\"613\" height=\"217\" srcset=\"https:\/\/orekait.com\/wp-content\/uploads\/2017\/07\/sap-hcm-gestion-de-empleados-globales-activar-2.png 613w, https:\/\/orekait.com\/wp-content\/uploads\/2017\/07\/sap-hcm-gestion-de-empleados-globales-activar-2-480x170.png 480w\" sizes=\"auto, (min-width: 0px) and (max-width: 480px) 480px, (min-width: 481px) 613px, 100vw\" \/><\/p>\n<p>La activaci\u00f3n de MGE tambi\u00e9n habilita los infotipos relacionados con la funcionalidad.<\/p>\n<p>Estos infotipos nos permiten almacenar toda informaci\u00f3n relacionada con el\u00a0<strong>traslado temporal<\/strong>\u00a0de un empleado:<\/p>\n<ul>\n<li>El destino<\/li>\n<li>La duraci\u00f3n del desplazamiento<\/li>\n<li>La documentaci\u00f3n<\/li>\n<li>Los familiares acompa\u00f1antes<\/li>\n<li>Los pagos extras<\/li>\n<li>etc.<\/li>\n<\/ul>\n<h2><strong>ID persona (IT0709)<\/strong><\/h2>\n<p>Se informa la clave un\u00edvoca que identificar\u00e1 a una persona en el sistema, la cual se asigna a m\u00e1s de un n\u00famero de personal.<\/p>\n<p>Es este campo el que relaciona a la persona con todas sus\u00a0<strong>asignaciones internacionales<\/strong>.<\/p>\n<p><img loading=\"lazy\" decoding=\"async\" class=\"aligncenter wp-image-15984 size-full\" src=\"https:\/\/orekait.com\/wp-content\/uploads\/2017\/07\/sap-hcm-gestion-de-empleados-globales-activar-3.png\" alt=\"\" width=\"599\" height=\"252\" srcset=\"https:\/\/orekait.com\/wp-content\/uploads\/2017\/07\/sap-hcm-gestion-de-empleados-globales-activar-3.png 599w, https:\/\/orekait.com\/wp-content\/uploads\/2017\/07\/sap-hcm-gestion-de-empleados-globales-activar-3-480x202.png 480w\" sizes=\"auto, (min-width: 0px) and (max-width: 480px) 480px, (min-width: 481px) 599px, 100vw\" \/><\/p>\n<h2><strong>Detalles residencia en el extranjero (IT0710)<br \/><\/strong><\/h2>\n<p>En este infotipo se especifica:<\/p>\n<ul>\n<li>La clase de\u00a0<strong>delegaci\u00f3n<\/strong>\u00a0en el extranjero (si ser\u00e1 desplazado a corto o largo plazo)<\/li>\n<li>La\u00a0<strong>duraci\u00f3n<\/strong>\u00a0de la delegaci\u00f3n en el extranjero (las estancias m\u00ednimas y m\u00e1ximas se pueden limitar a trav\u00e9s de parametrizaci\u00f3n)<\/li>\n<li>La\u00a0<strong>fecha<\/strong>\u00a0de inicio prevista<\/li>\n<li>El\u00a0<strong>estado civil<\/strong>\u00a0(si alg\u00fan pariente acompa\u00f1ar\u00e1 al empleado o no)<\/li>\n<\/ul>\n<p><img loading=\"lazy\" decoding=\"async\" class=\"aligncenter wp-image-15988 size-full\" src=\"https:\/\/orekait.com\/wp-content\/uploads\/2017\/07\/sap-hcm-gestion-de-empleados-globales-activar-4.png\" alt=\"\" width=\"586\" height=\"556\" srcset=\"https:\/\/orekait.com\/wp-content\/uploads\/2017\/07\/sap-hcm-gestion-de-empleados-globales-activar-4.png 586w, https:\/\/orekait.com\/wp-content\/uploads\/2017\/07\/sap-hcm-gestion-de-empleados-globales-activar-4-480x455.png 480w\" sizes=\"auto, (min-width: 0px) and (max-width: 480px) 480px, (min-width: 481px) 586px, 100vw\" \/><\/p>\n<p>Un pa\u00eds\u00a0<strong>delegante<\/strong>\u00a0es aquel que no es el pa\u00eds de origen del empleado, pero el empleado es desplazado desde este pa\u00eds a otro.<\/p>\n<pre>Esto es, si un empleado global es enviado, por ejemplo, desde Espa\u00f1a a Francia y despu\u00e9s a Alemania, en este caso Francia es el pa\u00eds delegante.<\/pre>\n<h2><strong>Estatus de residencia en el extranjero (IT0715)<br \/><\/strong><\/h2>\n<p>El status autom\u00e1tico es \u201cPlanificado\u201d.<\/p>\n<p>Pero una vez realizada la planificaci\u00f3n del desplazamiento, se tenga toda la documentaci\u00f3n necesaria y el empleado haya aceptado el cambio, se activar\u00e1 la asignaci\u00f3n en el extranjero mediante la medida 82 \u2013 Delegaci\u00f3n (activaci\u00f3n).<\/p>\n<p>Esta medida exige que el estado del infotipo 715 subtipo HOST est\u00e9 en \u201cSe debe activar\u201d.<\/p>\n<p><img loading=\"lazy\" decoding=\"async\" class=\"aligncenter wp-image-15992 size-full\" src=\"https:\/\/orekait.com\/wp-content\/uploads\/2017\/07\/sap-hcm-gestion-de-empleados-globales-activar-5.png\" alt=\"\" width=\"590\" height=\"227\" srcset=\"https:\/\/orekait.com\/wp-content\/uploads\/2017\/07\/sap-hcm-gestion-de-empleados-globales-activar-5.png 590w, https:\/\/orekait.com\/wp-content\/uploads\/2017\/07\/sap-hcm-gestion-de-empleados-globales-activar-5-480x185.png 480w\" sizes=\"auto, (min-width: 0px) and (max-width: 480px) 480px, (min-width: 481px) 590px, 100vw\" \/><\/p>\n<p>La ejecuci\u00f3n de esta medida cambia el status del HOST a \u201cPlanificado\u201d y crea un registro para el n\u00famero de personal del origen:<\/p>\n<p><img loading=\"lazy\" decoding=\"async\" class=\"aligncenter wp-image-15996 size-full\" src=\"https:\/\/orekait.com\/wp-content\/uploads\/2017\/07\/sap-hcm-gestion-de-empleados-globales-activar-6.png\" alt=\"\" width=\"611\" height=\"250\" srcset=\"https:\/\/orekait.com\/wp-content\/uploads\/2017\/07\/sap-hcm-gestion-de-empleados-globales-activar-6.png 611w, https:\/\/orekait.com\/wp-content\/uploads\/2017\/07\/sap-hcm-gestion-de-empleados-globales-activar-6-480x196.png 480w\" sizes=\"auto, (min-width: 0px) and (max-width: 480px) 480px, (min-width: 481px) 611px, 100vw\" \/><\/p>\n<h2><strong>Informaci\u00f3n de parientes (IT0704)<br \/><\/strong><\/h2>\n<p>En este infotipo se indica si el familiar acompa\u00f1ar\u00e1 al empleado, lo que ayudar\u00e1 a crear el paquete de retribuciones.<\/p>\n<p>Seg\u00fan el pa\u00eds de destino y la pol\u00edtica de la empresa se le pagar\u00e1n pluses de alojamiento y formaci\u00f3n.<\/p>\n<p><img loading=\"lazy\" decoding=\"async\" class=\"aligncenter wp-image-16000 size-full\" src=\"https:\/\/orekait.com\/wp-content\/uploads\/2017\/07\/sap-hcm-gestion-de-empleados-globales-activar-7.png\" alt=\"\" width=\"580\" height=\"358\" srcset=\"https:\/\/orekait.com\/wp-content\/uploads\/2017\/07\/sap-hcm-gestion-de-empleados-globales-activar-7.png 580w, https:\/\/orekait.com\/wp-content\/uploads\/2017\/07\/sap-hcm-gestion-de-empleados-globales-activar-7-480x296.png 480w\" sizes=\"auto, (min-width: 0px) and (max-width: 480px) 480px, (min-width: 481px) 580px, 100vw\" \/><\/p>\n<h2><strong>Informaci\u00f3n global sobre residencia (IT0708)<br \/><\/strong><\/h2>\n<p>Se indica si la clase de residencia seleccionado es relevante para los impuestos. Existe la opci\u00f3n de crear m\u00e1s tipos de residencias.<\/p>\n<p><img loading=\"lazy\" decoding=\"async\" class=\"aligncenter wp-image-16004 size-full\" src=\"https:\/\/orekait.com\/wp-content\/uploads\/2017\/07\/sap-hcm-gestion-de-empleados-globales-activar-8.png\" alt=\"\" width=\"601\" height=\"248\" srcset=\"https:\/\/orekait.com\/wp-content\/uploads\/2017\/07\/sap-hcm-gestion-de-empleados-globales-activar-8.png 601w, https:\/\/orekait.com\/wp-content\/uploads\/2017\/07\/sap-hcm-gestion-de-empleados-globales-activar-8-480x198.png 480w\" sizes=\"auto, (min-width: 0px) and (max-width: 480px) 480px, (min-width: 481px) 601px, 100vw\" \/><\/p>\n<h2><strong>Informaci\u00f3n de activaci\u00f3n (IT0707)<br \/><\/strong><\/h2>\n<p>En este infotipo se indica si se proteger\u00e1 el paquete de retribuciones del empleado contra los riesgos de la infracci\u00f3n utilizando una moneda m\u00e1s fuerte.<\/p>\n<p>Se activa la opci\u00f3n \u201cProtecci\u00f3n contra fluctuaci\u00f3n de moneda\u201d, se indica la moneda estable y el porcentaje de sueldo que se pagar\u00e1 con esta moneda.<\/p>\n<p><img loading=\"lazy\" decoding=\"async\" class=\"aligncenter wp-image-16008 size-full\" src=\"https:\/\/orekait.com\/wp-content\/uploads\/2017\/07\/sap-hcm-gestion-de-empleados-globales-activar-9.png\" alt=\"\" width=\"577\" height=\"273\" srcset=\"https:\/\/orekait.com\/wp-content\/uploads\/2017\/07\/sap-hcm-gestion-de-empleados-globales-activar-9.png 577w, https:\/\/orekait.com\/wp-content\/uploads\/2017\/07\/sap-hcm-gestion-de-empleados-globales-activar-9-480x227.png 480w\" sizes=\"auto, (min-width: 0px) and (max-width: 480px) 480px, (min-width: 481px) 577px, 100vw\" \/><\/p>\n<h2><strong>Oferta de paquete de retribuciones (IT0706)<br \/><\/strong><\/h2>\n<p>El paquete de retribuciones es el conjunto de retribuciones adicionales que tendr\u00e1 el empleado mientras est\u00e9 desplazado, estas est\u00e1n sujetas a lo siguiente:<\/p>\n<ul>\n<li>Duraci\u00f3n del desplazamiento<\/li>\n<li>Pa\u00eds de destino<\/li>\n<li>N\u00famero de parientes acompa\u00f1antes<\/li>\n<li>Porcentaje de cambio<\/li>\n<li>etc.<\/li>\n<\/ul>\n<p><img loading=\"lazy\" decoding=\"async\" class=\"aligncenter wp-image-16012 size-full\" src=\"https:\/\/orekait.com\/wp-content\/uploads\/2017\/07\/sap-hcm-gestion-de-empleados-globales-activar-10.png\" alt=\"\" width=\"834\" height=\"276\" srcset=\"https:\/\/orekait.com\/wp-content\/uploads\/2017\/07\/sap-hcm-gestion-de-empleados-globales-activar-10.png 834w, https:\/\/orekait.com\/wp-content\/uploads\/2017\/07\/sap-hcm-gestion-de-empleados-globales-activar-10-480x159.png 480w\" sizes=\"auto, (min-width: 0px) and (max-width: 480px) 480px, (min-width: 481px) 834px, 100vw\" \/><\/p>\n<h2><strong>Info de lista de verificaci\u00f3n (IT0705)<br \/><\/strong><\/h2>\n<p>Se introduce un registro por cada documento necesario para el desplazamiento del empleado, indicando:<\/p>\n<ul>\n<li>El responsable<\/li>\n<li>El tipo de documento<\/li>\n<li>El status<\/li>\n<\/ul>\n<p>Tambi\u00e9n hay un check que fuerza a comprobar que el status sea \u201cFinalizado\u201d antes de activar la delegaci\u00f3n en el extranjero.<\/p>\n<p><img loading=\"lazy\" decoding=\"async\" class=\"aligncenter wp-image-16016 size-full\" src=\"https:\/\/orekait.com\/wp-content\/uploads\/2017\/07\/sap-hcm-gestion-de-empleados-globales-activar-11.png\" alt=\"\" width=\"580\" height=\"159\" srcset=\"https:\/\/orekait.com\/wp-content\/uploads\/2017\/07\/sap-hcm-gestion-de-empleados-globales-activar-11.png 580w, https:\/\/orekait.com\/wp-content\/uploads\/2017\/07\/sap-hcm-gestion-de-empleados-globales-activar-11-480x132.png 480w\" sizes=\"auto, (min-width: 0px) and (max-width: 480px) 480px, (min-width: 481px) 580px, 100vw\" \/><\/p>\n<h2><strong>Documentos (IT0702)<br \/><\/strong><\/h2>\n<p>En este infotipo se almacenan todos los documentos legales del empleado necesarios para la expatriaci\u00f3n.<\/p>\n<p><img loading=\"lazy\" decoding=\"async\" class=\"aligncenter wp-image-16020 size-full\" src=\"https:\/\/orekait.com\/wp-content\/uploads\/2017\/07\/sap-hcm-gestion-de-empleados-globales-activar-12.png\" alt=\"\" width=\"547\" height=\"316\" srcset=\"https:\/\/orekait.com\/wp-content\/uploads\/2017\/07\/sap-hcm-gestion-de-empleados-globales-activar-12.png 547w, https:\/\/orekait.com\/wp-content\/uploads\/2017\/07\/sap-hcm-gestion-de-empleados-globales-activar-12-480x277.png 480w\" sizes=\"auto, (min-width: 0px) and (max-width: 480px) 480px, (min-width: 481px) 547px, 100vw\" \/><\/p>\n<h2><strong>Documentos de parientes (IT0703)<br \/><\/strong><\/h2>\n<p>Se guarda la misma informaci\u00f3n que en el infotipo 0702, pero para los parientes que acompa\u00f1an al empleado.<\/p>\n<p>Ahora ya puedes realizar t\u00fa mismo\/a la\u00a0<strong>gesti\u00f3n de los empleados globales en SAP HCM<\/strong>\u00a0mediante la herramienta Management of Global Employees (MGE).<\/p>\n<\/div>\n<p>[\/et_pb_text][\/et_pb_column][\/et_pb_row][et_pb_row admin_label=&#8221;M\u00e1s informaci\u00f3n&#8221; _builder_version=&#8221;4.25.2&#8243; _module_preset=&#8221;default&#8221; global_colors_info=&#8221;{}&#8221;][et_pb_column type=&#8221;4_4&#8243; _builder_version=&#8221;4.25.2&#8243; _module_preset=&#8221;default&#8221; global_colors_info=&#8221;{}&#8221;][et_pb_text _builder_version=&#8221;4.25.2&#8243; _module_preset=&#8221;default&#8221; global_colors_info=&#8221;{}&#8221;]<\/p>\n<p class=\"morado\">M\u00e1s informaci\u00f3n:<\/p>\n<p>[\/et_pb_text][et_pb_button button_url=&#8221;https:\/\/orekait.com\/es\/area-recursos-humanos&#8221; button_text=&#8221;M\u00e1s informaci\u00f3n&#8221; module_class=&#8221;entrada-btn&#8221; _builder_version=&#8221;4.25.2&#8243; _module_preset=&#8221;default&#8221; custom_button=&#8221;on&#8221; button_text_color=&#8221;#8156EA&#8221; button_bg_color=&#8221;RGBA(255,255,255,0)&#8221; button_border_color=&#8221;#8156EA&#8221; button_border_radius=&#8221;30px&#8221; button_font=&#8221;Plus Jakarta Sans|600|||||||&#8221; button_icon=&#8221;&#x24;||divi||400&#8243; button_icon_color=&#8221;#8156EA&#8221; button_on_hover=&#8221;off&#8221; hover_enabled=&#8221;0&#8243; global_colors_info=&#8221;{}&#8221; button_text_color__hover_enabled=&#8221;on|desktop&#8221; button_text_color__hover=&#8221;#8156EA&#8221; button_bg_color__hover_enabled=&#8221;on|hover&#8221; button_bg_color__hover=&#8221;#8156EA&#8221; button_bg_enable_color__hover=&#8221;on&#8221; button_icon_color__hover_enabled=&#8221;on|hover&#8221; button_icon_color__hover=&#8221;#ffffff&#8221; url_new_window=&#8221;on&#8221; sticky_enabled=&#8221;0&#8243;][\/et_pb_button][et_pb_divider show_divider=&#8221;off&#8221; _builder_version=&#8221;4.25.2&#8243; _module_preset=&#8221;default&#8221; custom_margin=&#8221;||40px||false|false&#8221; global_colors_info=&#8221;{}&#8221;][\/et_pb_divider][\/et_pb_column][\/et_pb_row][et_pb_row use_custom_gutter=&#8221;on&#8221; admin_label=&#8221;Noticias relacionadas titulo&#8221; module_id=&#8221;fondo-articulos&#8221; _builder_version=&#8221;4.25.2&#8243; _module_preset=&#8221;default&#8221; background_color=&#8221;#f7f7f7&#8243; width=&#8221;100%&#8221; global_colors_info=&#8221;{}&#8221;][et_pb_column type=&#8221;4_4&#8243; _builder_version=&#8221;4.25.2&#8243; _module_preset=&#8221;default&#8221; global_colors_info=&#8221;{}&#8221;][et_pb_divider show_divider=&#8221;off&#8221; _builder_version=&#8221;4.25.2&#8243; _module_preset=&#8221;default&#8221; background_color=&#8221;RGBA(255,255,255,0)&#8221; custom_margin=&#8221;||40px||false|false&#8221; global_colors_info=&#8221;{}&#8221;][\/et_pb_divider][et_pb_heading title=&#8221;Quizas te pueda interesar&#8221; _builder_version=&#8221;4.25.2&#8243; _module_preset=&#8221;default&#8221; title_level=&#8221;h2&#8243; title_text_align=&#8221;center&#8221; global_colors_info=&#8221;{}&#8221;][\/et_pb_heading][et_pb_divider show_divider=&#8221;off&#8221; _builder_version=&#8221;4.25.2&#8243; _module_preset=&#8221;default&#8221; custom_margin=&#8221;||30px||false|false&#8221; global_colors_info=&#8221;{}&#8221;][\/et_pb_divider][\/et_pb_column][\/et_pb_row][et_pb_row admin_label=&#8221;Noticias relacionadas&#8221; _builder_version=&#8221;4.25.2&#8243; _module_preset=&#8221;default&#8221; width=&#8221;100%&#8221; custom_margin=&#8221;-150px||||false|false&#8221; custom_margin_tablet=&#8221;0px||||false|false&#8221; custom_margin_phone=&#8221;0px||||false|false&#8221; custom_margin_last_edited=&#8221;on|desktop&#8221; global_colors_info=&#8221;{}&#8221;][et_pb_column type=&#8221;4_4&#8243; _builder_version=&#8221;4.25.2&#8243; _module_preset=&#8221;default&#8221; global_colors_info=&#8221;{}&#8221;][et_pb_blog fullwidth=&#8221;off&#8221; posts_number=&#8221;3&#8243; include_categories=&#8221;current&#8221; show_author=&#8221;off&#8221; show_date=&#8221;off&#8221; show_pagination=&#8221;off&#8221; _builder_version=&#8221;4.25.2&#8243; _module_preset=&#8221;default&#8221; global_colors_info=&#8221;{}&#8221;][\/et_pb_blog][\/et_pb_column][\/et_pb_row][\/et_pb_section]<\/p>\n","protected":false},"excerpt":{"rendered":"<p>La funcionalidad\u00a0Gesti\u00f3n de Empleados Globales del m\u00f3dulo SAP HCM\u00a0(Management of Global Employees) es una herramienta \u00fatil para empresas con presencia en varios pa\u00edses y que tengan empleados expatriados. MGE permite hacer el\u00a0seguimiento de un empleado global\u00a0(aquel que tiene m\u00e1s de una asignaci\u00f3n en diferentes pa\u00edses) en sus diferentes asignaciones internacionales, a trav\u00e9s de un identificador [&hellip;]<\/p>\n","protected":false},"author":3,"featured_media":0,"comment_status":"closed","ping_status":"closed","sticky":false,"template":"","format":"standard","meta":{"_et_pb_use_builder":"on","_et_pb_old_content":"Lorem ipsum dolor sit amet consectetur adipiscing elit congue montes, imperdiet taciti erat elementum fermentum sem ante ultrices ridiculus, sagittis sociis egestas quisque ac semper quis odio. Aenean hendrerit ac metus dis nascetur aliquet mollis integer, rutrum vel laoreet posuere proin sagittis luctus est, tempus duis nisl ultrices parturient tempor praesent. Dignissim curabitur nascetur pellentesque augue fringilla pulvinar eros, tempus fames vehicula maecenas cubilia id, rutrum euismod integer ut scelerisque mus.\r\n\r\nVivamus auctor odio aenean rhoncus natoque dictum purus, volutpat pellentesque laoreet ridiculus consequat nisi varius euismod, augue platea convallis curae magnis taciti. Imperdiet nibh curabitur quisque orci consequat aenean pellentesque, cubilia duis senectus felis sed posuere tortor, magnis enim diam a odio sociis. Enim tellus nisl nec molestie augue luctus tempor habitant, nunc dictumst phasellus volutpat sem facilisis taciti, habitasse laoreet at turpis vel fermentum vulputate.","_et_gb_content_width":"","footnotes":""},"categories":[36,37],"tags":[],"class_list":["post-15971","post","type-post","status-publish","format-standard","hentry","category-recursos-humanos","category-sap-hxm"],"_links":{"self":[{"href":"https:\/\/orekait.com\/es\/wp-json\/wp\/v2\/posts\/15971","targetHints":{"allow":["GET"]}}],"collection":[{"href":"https:\/\/orekait.com\/es\/wp-json\/wp\/v2\/posts"}],"about":[{"href":"https:\/\/orekait.com\/es\/wp-json\/wp\/v2\/types\/post"}],"author":[{"embeddable":true,"href":"https:\/\/orekait.com\/es\/wp-json\/wp\/v2\/users\/3"}],"replies":[{"embeddable":true,"href":"https:\/\/orekait.com\/es\/wp-json\/wp\/v2\/comments?post=15971"}],"version-history":[{"count":4,"href":"https:\/\/orekait.com\/es\/wp-json\/wp\/v2\/posts\/15971\/revisions"}],"predecessor-version":[{"id":22380,"href":"https:\/\/orekait.com\/es\/wp-json\/wp\/v2\/posts\/15971\/revisions\/22380"}],"wp:attachment":[{"href":"https:\/\/orekait.com\/es\/wp-json\/wp\/v2\/media?parent=15971"}],"wp:term":[{"taxonomy":"category","embeddable":true,"href":"https:\/\/orekait.com\/es\/wp-json\/wp\/v2\/categories?post=15971"},{"taxonomy":"post_tag","embeddable":true,"href":"https:\/\/orekait.com\/es\/wp-json\/wp\/v2\/tags?post=15971"}],"curies":[{"name":"wp","href":"https:\/\/api.w.org\/{rel}","templated":true}]}}